{"id":4900,"date":"2026-05-04T11:14:36","date_gmt":"2026-05-04T08:14:36","guid":{"rendered":"https:\/\/dmdwarrior.com\/?p=4900"},"modified":"2026-05-04T12:05:10","modified_gmt":"2026-05-04T09:05:10","slug":"becker-muscular-dystrophy-bmd","status":"publish","type":"post","link":"https:\/\/dmdwarrior.com\/tr\/becker-muscular-dystrophy-bmd\/","title":{"rendered":"Becker Kas Distrofisi (BMD): Belirtileri, Nedenleri, Tedavileri ve Ya\u015fam Beklentisi"},"content":{"rendered":"<p class=\"wp-block-paragraph\"><strong>Becker kas distrofisi (BMD), distrofin genindeki mutasyonlardan kaynaklanan, ilerleyici kas g\u00fc\u00e7s\u00fczl\u00fc\u011f\u00fc ile karakterize edilen genetik bir n\u00f6rom\u00fcsk\u00fcler hastal\u0131kt\u0131r.<\/strong> Genellikle distrofin eksikli\u011fi, X&#039;e ba\u011fl\u0131 resesif bozukluklar ve ilerleyici kas dejenerasyonu hastal\u0131klar\u0131yla birlikte ele al\u0131nan Becker kas distrofisi (BMD), Duchenne kas distrofisine k\u0131yasla daha hafif ancak yine de ciddi bir distrofinopati t\u00fcr\u00fcn\u00fc temsil eder. <strong>Becker kas distrofisini (BMD) anlamak, bu rahats\u0131zl\u0131kla m\u00fccadele eden hastalar ve aileleri i\u00e7in erken te\u015fhis, optimize edilmi\u015f tedavi ve iyile\u015ftirilmi\u015f uzun vadeli sonu\u00e7lar a\u00e7\u0131s\u0131ndan kritik \u00f6neme sahiptir.<\/strong><\/p>\n\n\n\n<div class=\"wp-block-rank-math-toc-block\" id=\"rank-math-toc\"><h2>\u0130\u00e7indekiler<\/h2><nav><ul><li><a href=\"#what-is-becker-muscular-dystrophy\">Becker Kas Distrofisi nedir?<\/a><\/li><li><a href=\"#what-causes-becker-muscular-dystrophy\">Becker Kas Distrofisine Ne Sebep Olur?<\/a><ul><\/ul><\/li><li><a href=\"#is-becker-muscular-dystrophy-genetic\">Becker Kas Distrofisi Genetik midir?<\/a><ul><\/ul><\/li><li><a href=\"#what-are-the-first-symptoms-of-becker-muscular-dystrophy\">Becker Kas Distrofisinin \u0130lk Belirtileri Nelerdir?<\/a><ul><\/ul><\/li><li><a href=\"#how-does-becker-muscular-dystrophy-affect-the-brain\">Becker kas distrofisi beyni nas\u0131l etkiler?<\/a><ul><li><a href=\"#\ud83e\udde0-brain-involvement-in-becker-muscular-dystrophy\">Becker Kas Distrofisinde Beyin Tutulumu<\/a><\/li><li><a href=\"#\ud83e\uddec-role-of-dystrophin-isoforms-in-the-brain\">Beyinde Distrofin \u0130zoformlar\u0131n\u0131n Rol\u00fc<\/a><\/li><\/ul><\/li><li><a href=\"#fa-qs-becker-muscular-dystrophy\">S\u0131k\u00e7a Sorulan Sorular: Becker Kas Distrofisi<\/a><ul><li><a href=\"#faq-question-1777880625318\">Becker kas distrofisi ka\u00e7 ya\u015f\u0131nda ba\u015flar?<\/a><\/li><li><a href=\"#faq-question-1777880662550\">Becker Kas Distrofisi Ne Kadar H\u0131zl\u0131 \u0130lerler?<\/a><\/li><li><a href=\"#faq-question-1777880701446\">Becker Kas Distrofisi Nas\u0131l Te\u015fhis Edilir?<\/a><\/li><li><a href=\"#faq-question-1777880764191\">Becker Kas Distrofisini Hangi Testler Do\u011frular?<\/a><\/li><li><a href=\"#faq-question-1777880805320\">Genetik testler Becker kas distrofisini (BMD) te\u015fhis edebilir mi?<\/a><\/li><li><a href=\"#faq-question-1777880891645\">Becker Kas Distrofisi \u0130\u00e7in Bir Tedavi Var m\u0131?<\/a><\/li><li><a href=\"#faq-question-1777880906870\">Becker Kas Distrofisi Nas\u0131l Tedavi Edilir?<\/a><\/li><li><a href=\"#faq-question-1777880942211\">Becker kas distrofisi (BMD) tedavisinde hangi ila\u00e7lar kullan\u0131l\u0131r?<\/a><\/li><li><a href=\"#faq-question-1777880975262\">Becker kas distrofisi kalbi etkiler mi?<\/a><\/li><li><a href=\"#faq-question-1777880980812\">BMD&#039;de Kardiyomiyopati nedir?<\/a><\/li><li><a href=\"#faq-question-1777881054394\">BMD hastas\u0131 olan bir ki\u015finin ortalama ya\u015fam s\u00fcresi ne kadard\u0131r?<\/a><\/li><li><a href=\"#faq-question-1777881065187\">Becker kas distrofisi olan ki\u015filer normal bir hayat ya\u015fayabilir mi?<\/a><\/li><li><a href=\"#faq-question-1777881067435\">Becker kas distrofisi riski alt\u0131nda olan kimlerdir?<\/a><\/li><li><a href=\"#faq-question-1777881108015\">Kad\u0131nlarda Becker Kas Distrofisi G\u00f6r\u00fclebilir mi?<\/a><\/li><li><a href=\"#faq-question-1777881113217\">Duchenne ve Becker kas distrofisi aras\u0131ndaki fark nedir?<\/a><\/li><li><a href=\"#faq-question-1777881201970\">Becker kas distrofisi Duchenne kas distrofisinden daha m\u0131 hafiftir?<\/a><\/li><\/ul><\/li><li><a href=\"#final-thoughts\">Son D\u00fc\u015f\u00fcnceler<\/a><\/li><li><a href=\"#academic-sources-and-references\">Akademik Kaynaklar ve Referanslar<\/a><\/li><\/ul><\/nav><\/div>\n\n\n\n<hr class=\"wp-block-separator has-alpha-channel-opacity\"\/>\n\n\n\n<h2 class=\"wp-block-heading\" id=\"what-is-becker-muscular-dystrophy\">Becker Kas Distrofisi nedir?<\/h2>\n\n\n\n<p class=\"wp-block-paragraph\"><strong>Becker kas distrofisi, \u00f6ncelikle iskelet ve kalp kaslar\u0131n\u0131 etkileyen kal\u0131tsal bir hastal\u0131kt\u0131r.<\/strong> Bu durum, kas lifi b\u00fct\u00fcnl\u00fc\u011f\u00fcn\u00fc korumak i\u00e7in gerekli olan distrofin proteinini \u00fcreten gendeki mutasyonlardan kaynaklan\u0131r.<\/p>\n\n\n\n<p class=\"wp-block-paragraph\"><strong>Distrofinin neredeyse hi\u00e7 bulunmad\u0131\u011f\u0131 Duchenne kas distrofisinin aksine, Becker kas distrofisinde (BMD) distrofin k\u0131smen i\u015flevseldir.<\/strong> Bu farkl\u0131l\u0131k, semptomlar\u0131n genellikle daha hafif olmas\u0131n\u0131n ve genellikle ergenlik veya erken yeti\u015fkinlik d\u00f6neminde ortaya \u00e7\u0131kmas\u0131n\u0131n nedenini a\u00e7\u0131klamaktad\u0131r.<\/p>\n\n\n\n<p class=\"wp-block-paragraph\">Becker kas distrofisi (BMD) hastalar\u0131 ba\u015flang\u0131\u00e7ta ko\u015fmada, merdiven \u00e7\u0131kmada veya nesne kald\u0131rmada zorluk ya\u015fayabilirler. Zamanla, \u00f6zellikle kal\u00e7a, uyluk ve omuzlarda kas g\u00fc\u00e7s\u00fczl\u00fc\u011f\u00fc ilerler.<\/p>\n\n\n\n<hr class=\"wp-block-separator has-alpha-channel-opacity\"\/>\n\n\n\n<h2 class=\"wp-block-heading\" id=\"what-causes-becker-muscular-dystrophy\">Becker Kas Distrofisine Ne Sebep Olur?<\/h2>\n\n\n\n<p class=\"wp-block-paragraph\">Becker kas distrofisi (BMD), X kromozomunda bulunan DMD genindeki mutasyonlardan kaynaklan\u0131r. Bu gen, kas kas\u0131lmas\u0131 s\u0131ras\u0131nda kas h\u00fccresi zarlar\u0131n\u0131 stabilize eden distrofin proteinini kodlar.<\/p>\n\n\n\n<h3 class=\"wp-block-heading\" id=\"key-mechanisms\">Ba\u015fl\u0131ca Mekanizmalar:<\/h3>\n\n\n\n<ul class=\"wp-block-list\">\n<li><strong>Gen mutasyonu \u2192 anormal distrofin<\/strong><\/li>\n\n\n\n<li><strong>Kas lifi hasar\u0131 \u2192 dejenerasyon<\/strong><\/li>\n\n\n\n<li><strong>\u0130lerleyici g\u00fc\u00e7s\u00fczl\u00fck \u2192 fonksiyonel gerileme<\/strong><\/li>\n<\/ul>\n\n\n\n<p class=\"wp-block-paragraph\">Becker kas distrofisi (BMD), X&#039;e ba\u011fl\u0131 \u00e7ekinik kal\u0131t\u0131m modeli izledi\u011finden, \u00f6ncelikle erkekleri etkilerken, kad\u0131nlar genellikle ta\u015f\u0131y\u0131c\u0131d\u0131r.<\/p>\n\n\n\n<p class=\"wp-block-paragraph\">Daha fazla bilgi edin: <a href=\"https:\/\/dmdwarrior.com\/tr\/dystrophin-gene\/\" data-type=\"post\" data-id=\"3785\" target=\"_blank\" rel=\"noreferrer noopener\">Distrofin Geni<\/a><\/p>\n\n\n\n<hr class=\"wp-block-separator has-alpha-channel-opacity\"\/>\n\n\n\n<h2 class=\"wp-block-heading\" id=\"is-becker-muscular-dystrophy-genetic\">Becker Kas Distrofisi Genetik midir?<\/h2>\n\n\n\n<p class=\"wp-block-paragraph\">Evet, Becker kas distrofisi (BMD) kal\u0131tsal bir hastal\u0131kt\u0131r. Mutasyon, ta\u015f\u0131y\u0131c\u0131 annelerden \u00e7ocuklar\u0131na ge\u00e7er.<\/p>\n\n\n\n<h3 class=\"wp-block-heading\" id=\"inheritance-pattern\">Kal\u0131t\u0131m Modeli:<\/h3>\n\n\n\n<ul class=\"wp-block-list\">\n<li>Erkekler (XY): Mutasyona u\u011fram\u0131\u015f geni miras al\u0131rlarsa etkilenirler.<\/li>\n\n\n\n<li>Kad\u0131nlar (XX): genellikle ta\u015f\u0131y\u0131c\u0131d\u0131rlar, bazen hafif semptomlar g\u00f6sterirler.<\/li>\n<\/ul>\n\n\n\n<p class=\"wp-block-paragraph\">Becker kas distrofisi (BMD) \u00f6yk\u00fcs\u00fc olan aileler i\u00e7in genetik dan\u0131\u015fmanl\u0131k \u015fiddetle tavsiye edilir. Daha fazla bilgi edinin: <a href=\"https:\/\/dmdwarrior.com\/tr\/genetic-counseling-in-duchenne-muscular-dystrophy\/\" target=\"_blank\" rel=\"noreferrer noopener\">Duchenne Kas Distrofisi \u0130\u00e7in Genetik Dan\u0131\u015fmanl\u0131k<\/a><\/p>\n\n\n\n<hr class=\"wp-block-separator has-alpha-channel-opacity\"\/>\n\n\n\n<h2 class=\"wp-block-heading\" id=\"what-are-the-first-symptoms-of-becker-muscular-dystrophy\">Becker Kas Distrofisinin \u0130lk Belirtileri Nelerdir?<\/h2>\n\n\n\n<p class=\"wp-block-paragraph\">Becker kas distrofisinin (BMD) erken belirtileri genellikle belirsizdir ve \u00e7o\u011fu zaman fark edilmeyebilir.<\/p>\n\n\n\n<h3 class=\"wp-block-heading\" id=\"common-early-symptoms\">S\u0131k G\u00f6r\u00fclen Erken Belirtiler:<\/h3>\n\n\n\n<ul class=\"wp-block-list\">\n<li>Bacaklarda ve pelviste kas g\u00fc\u00e7s\u00fczl\u00fc\u011f\u00fc<\/li>\n\n\n\n<li>S\u0131k s\u0131k d\u00fc\u015fmeler<\/li>\n\n\n\n<li>Ko\u015fmakta veya merdiven \u00e7\u0131kmakta zorluk \u00e7ekmek<\/li>\n\n\n\n<li><a href=\"https:\/\/dmdwarrior.com\/tr\/enlarged-calf-muscles-in-duchenne-muscular-dystrophy\/\" target=\"_blank\" data-type=\"post\" data-id=\"7726\" rel=\"noreferrer noopener\">\u015ei\u015fmi\u015f bald\u0131r kaslar\u0131<\/a> (ps\u00f6dohipertrofi)<\/li>\n<\/ul>\n\n\n\n<p class=\"wp-block-paragraph\">Becker kas distrofisi (BMD) ilerledik\u00e7e semptomlar daha belirgin hale gelir ve yorgunluk ile dayan\u0131kl\u0131l\u0131k azalmas\u0131n\u0131 i\u00e7erebilir.<\/p>\n\n\n\n<hr class=\"wp-block-separator has-alpha-channel-opacity\"\/>\n\n\n\n<h2 class=\"wp-block-heading\" id=\"how-does-becker-muscular-dystrophy-affect-the-brain\">Becker kas distrofisi beyni nas\u0131l etkiler?<\/h2>\n\n\n\n<p class=\"wp-block-paragraph\">Becker kas distrofisi klasik olarak iskelet ve kalp kaslar\u0131 \u00fczerindeki etkileriyle tan\u0131mlansa da, distrofin proteini merkezi sinir sisteminde de ifade edilir. <strong>Bu, Becker kas distrofisinin (BMD) n\u00f6rolojik ve bili\u015fsel etkileri olabilece\u011fi anlam\u0131na gelir; ancak bu etkiler genellikle Duchenne kas distrofisine g\u00f6re daha hafif ve daha de\u011fi\u015fkendir.<\/strong><\/p>\n\n\n\n<h3 class=\"wp-block-heading\" id=\"\ud83e\udde0-brain-involvement-in-becker-muscular-dystrophy\">Becker Kas Distrofisinde Beyin Tutulumu<\/h3>\n\n\n\n<p class=\"wp-block-paragraph\"><strong>Distrofin, \u00f6zellikle hipokampus ve serebral korteks gibi b\u00f6lgelerde n\u00f6ronal zarlar\u0131n stabilize edilmesinde ve sinaptik fonksiyonun desteklenmesinde rol oynar.<\/strong> DMD genindeki mutasyonlar nedeniyle distrofin izoformlar\u0131 yetersiz veya de\u011fi\u015fime u\u011frad\u0131\u011f\u0131nda, n\u00f6rogeli\u015fimsel ve bili\u015fsel alanda hafif farkl\u0131l\u0131klar ortaya \u00e7\u0131kabilir.<\/p>\n\n\n\n<p class=\"wp-block-paragraph\">Becker kas distrofisinde (BMD) bildirilen n\u00f6rolojik \u00f6zellikler \u015funlard\u0131r:<\/p>\n\n\n\n<ul class=\"wp-block-list\">\n<li>Hafif bili\u015fsel bozukluk<\/li>\n\n\n\n<li><a href=\"https:\/\/dmdwarrior.com\/tr\/learning-disabilities-in-duchenne-muscular-dystrophy\/\" target=\"_blank\" data-type=\"post\" data-id=\"7125\" rel=\"noreferrer noopener\">\u00d6\u011frenme g\u00fc\u00e7l\u00fckleri<\/a> (\u00f6zellikle s\u00f6zel ve y\u00fcr\u00fct\u00fcc\u00fc i\u015flevler)<\/li>\n\n\n\n<li>Dikkat eksikli\u011fi\n<ul class=\"wp-block-list\">\n<li>N\u00f6robili\u015fsel bozukluk riskinde art\u0131\u015f (\u00f6rne\u011fin, DEHB, <a href=\"https:\/\/dmdwarrior.com\/tr\/stress-and-anxiety-in-duchenne-muscular-dystrophy\/\" data-type=\"post\" data-id=\"7177\" target=\"_blank\" rel=\"noreferrer noopener\">endi\u015fe<\/a>)<\/li>\n<\/ul>\n<\/li>\n<\/ul>\n\n\n\n<p class=\"wp-block-paragraph\">Ancak, Becker kas distrofisi (BMD) olan bir\u00e7ok bireyin normal zekaya sahip oldu\u011funu ve beyin tutulumunun spesifik mutasyona ve etkilenen izoformlara b\u00fcy\u00fck \u00f6l\u00e7\u00fcde ba\u011fl\u0131 oldu\u011funu vurgulamak \u00f6nemlidir. Daha fazla bilgi i\u00e7in: <a href=\"https:\/\/dmdwarrior.com\/tr\/psychological-support-in-duchenne-muscular-dystrophy\/\" target=\"_blank\" rel=\"noreferrer noopener\">DMD&#039;de Psikolojik Destek<\/a><\/p>\n\n\n\n<hr class=\"wp-block-separator has-alpha-channel-opacity\"\/>\n\n\n\n<h3 class=\"wp-block-heading\" id=\"\ud83e\uddec-role-of-dystrophin-isoforms-in-the-brain\">Beyinde Distrofin \u0130zoformlar\u0131n\u0131n Rol\u00fc<\/h3>\n\n\n\n<p class=\"wp-block-paragraph\">DMD geni, alternatif promot\u00f6rler arac\u0131l\u0131\u011f\u0131yla birden fazla distrofin izoformu \u00fcretir. Her izoformun beyinde farkl\u0131 bir ifade modeli vard\u0131r ve n\u00f6ronal fonksiyona farkl\u0131 \u015fekilde katk\u0131da bulunur.<\/p>\n\n\n\n<h4 class=\"wp-block-heading\" id=\"1-dp-427-p-full-length-dystrophin\">1. Dp427p (Tam Uzunlukta Distrofin)<\/h4>\n\n\n\n<ul class=\"wp-block-list\">\n<li><strong>A\u011f\u0131rl\u0131kl\u0131 olarak n\u00f6ronlarda ifade edilir<\/strong><\/li>\n\n\n\n<li>Sinapslarda lokalize<\/li>\n\n\n\n<li><strong>GABAerjik sinyalle\u015fme ve sinaptik stabilite i\u00e7in kritik \u00f6neme sahiptir<\/strong><\/li>\n<\/ul>\n\n\n\n<p class=\"wp-block-paragraph\">Dp427p eksikli\u011fi \u015funlara yol a\u00e7abilir:<\/p>\n\n\n\n<ul class=\"wp-block-list\">\n<li>Engelleyici n\u00f6rotransmisyonun bozulmas\u0131<\/li>\n\n\n\n<li>\u00d6\u011frenme ve haf\u0131za g\u00fc\u00e7l\u00fckleri<\/li>\n<\/ul>\n\n\n\n<hr class=\"wp-block-separator has-alpha-channel-opacity\"\/>\n\n\n\n<h4 class=\"wp-block-heading\" id=\"2-dp-260\">2. Dp260<\/h4>\n\n\n\n<ul class=\"wp-block-list\">\n<li>Esas olarak retinada ifade edilir ancak g\u00f6rsel i\u015fleme yollar\u0131yla da ilgilidir.<\/li>\n\n\n\n<li><strong>Beyne do\u011frudan kat\u0131l\u0131m\u0131 s\u0131n\u0131rl\u0131 olsa da, g\u00f6rsel bili\u015fi etkileyebilir.<\/strong><\/li>\n<\/ul>\n\n\n\n<hr class=\"wp-block-separator has-alpha-channel-opacity\"\/>\n\n\n\n<h4 class=\"wp-block-heading\" id=\"3-dp-140\">3. Dp140<\/h4>\n\n\n\n<ul class=\"wp-block-list\">\n<li>Beyin geli\u015fimi s\u0131ras\u0131nda y\u00fcksek d\u00fczeyde ifade edilir.<\/li>\n\n\n\n<li>Bili\u015fsel i\u015flevle ili\u015fkilidir.<\/li>\n<\/ul>\n\n\n\n<p class=\"wp-block-paragraph\">Dp140 eksikli\u011fi a\u015fa\u011f\u0131dakilerle yak\u0131ndan ili\u015fkilidir:<\/p>\n\n\n\n<ul class=\"wp-block-list\">\n<li><strong>Daha d\u00fc\u015f\u00fck IQ puanlar\u0131<\/strong><\/li>\n\n\n\n<li>Dil gecikmeleri<\/li>\n\n\n\n<li><strong>N\u00f6rogeli\u015fimsel bozukluk riskinde art\u0131\u015f<\/strong><\/li>\n<\/ul>\n\n\n\n<hr class=\"wp-block-separator has-alpha-channel-opacity\"\/>\n\n\n\n<h4 class=\"wp-block-heading\" id=\"4-dp-116\">4. Dp116<\/h4>\n\n\n\n<ul class=\"wp-block-list\">\n<li><strong>Esas olarak Schwann h\u00fccrerinde (\u00e7evresel sinir sistemi) ifade edilir<\/strong><\/li>\n\n\n\n<li>Merkezi beyin fonksiyonunda minimal do\u011frudan rol\u00fc vard\u0131r<\/li>\n\n\n\n<li><strong>Dolayl\u0131 olarak sinir iletimini ve duyusal i\u015flemeyi etkileyebilir<\/strong><\/li>\n<\/ul>\n\n\n\n<hr class=\"wp-block-separator has-alpha-channel-opacity\"\/>\n\n\n\n<h4 class=\"wp-block-heading\" id=\"5-dp-71\">5. Dp71<\/h4>\n\n\n\n<ul class=\"wp-block-list\">\n<li>Beyindeki en bol bulunan distrofin izoformudur<\/li>\n\n\n\n<li><strong>Astrositlerde ve n\u00f6ronlarda bulunur<\/strong><\/li>\n\n\n\n<li>H\u00fccre sinyalle\u015fmesi, iyon homeostaz\u0131 ve kan-beyin bariyerinin b\u00fct\u00fcnl\u00fc\u011f\u00fc i\u00e7in gereklidir<\/li>\n<\/ul>\n\n\n\n<p class=\"wp-block-paragraph\">Dp71 eksikli\u011fi a\u015fa\u011f\u0131dakilerle ili\u015fkilidir:<\/p>\n\n\n\n<ul class=\"wp-block-list\">\n<li>Bili\u015fsel bozukluk<\/li>\n\n\n\n<li>De\u011fi\u015fmi\u015f beyin mimarisi<\/li>\n\n\n\n<li>N\u00f6rogeli\u015fimsel sorunlar<\/li>\n<\/ul>\n\n\n\n<hr class=\"wp-block-separator has-alpha-channel-opacity\"\/>\n\n\n\n<h4 class=\"wp-block-heading\" id=\"6-dp-40\">6. Dp40<\/h4>\n\n\n\n<ul class=\"wp-block-list\">\n<li>Dp71&#039;den t\u00fcretilen daha k\u0131sa bir izoform<\/li>\n\n\n\n<li><strong>Sinaptik organizasyon ve n\u00f6ronal plastisitede rol oynar<\/strong><\/li>\n<\/ul>\n\n\n\n<p class=\"wp-block-paragraph\">Bu eksikli\u011fin \u015funlara katk\u0131da bulunabilece\u011fi d\u00fc\u015f\u00fcn\u00fclmektedir:<\/p>\n\n\n\n<ul class=\"wp-block-list\">\n<li>\u0130nce bili\u015fsel ve davran\u0131\u015fsal de\u011fi\u015fiklikler<\/li>\n<\/ul>\n\n\n\n<hr class=\"wp-block-separator has-alpha-channel-opacity\"\/>\n\n\n\n<h3 class=\"wp-block-heading\" id=\"\ud83e\udde9-clinical-implications\">Klinik Sonu\u00e7lar<\/h3>\n\n\n\n<p class=\"wp-block-paragraph\"><strong>Becker kas distrofisinin (BMD) n\u00f6rolojik etkisi, mutasyondan hangi distrofin izoformlar\u0131n\u0131n etkilendi\u011fine ba\u011fl\u0131d\u0131r.<\/strong> \u00d6rne\u011fin:<\/p>\n\n\n\n<ul class=\"wp-block-list\">\n<li><strong>Dp140 ve Dp71&#039;i etkileyen mutasyonlar\u0131n bili\u015fsel bozuklu\u011fa yol a\u00e7ma olas\u0131l\u0131\u011f\u0131 daha y\u00fcksektir.<\/strong><\/li>\n\n\n\n<li>Kaslara \u00f6zg\u00fc izoformlarla s\u0131n\u0131rl\u0131 mutasyonlar beyin fonksiyonunu koruyabilir.<\/li>\n<\/ul>\n\n\n\n<p class=\"wp-block-paragraph\">Bu genotip-fenotip ili\u015fkisi, sonu\u00e7lar\u0131 tahmin etmede ve klinik y\u00f6netimi y\u00f6nlendirmede kritik \u00f6neme sahiptir.<\/p>\n\n\n\n<hr class=\"wp-block-separator has-alpha-channel-opacity\"\/>\n\n\n\n<h3 class=\"wp-block-heading\" id=\"\ud83e\udde0-key-takeaway\">\u00d6nemli Noktalar<\/h3>\n\n\n\n<p class=\"wp-block-paragraph\"><strong>Becker kas distrofisi (BMD) yaln\u0131zca bir kas hastal\u0131\u011f\u0131 de\u011fildir; izoform spesifik distrofin eksiklikleri yoluyla beyin fonksiyonlar\u0131n\u0131 da etkileyebilir.<\/strong> \u00c7o\u011fu bireyde hafif veya hi\u00e7 bili\u015fsel bozukluk g\u00f6r\u00fclmezken, Dp427p, Dp260, Dp140, Dp116, Dp71 ve Dp40&#039;\u0131n rol\u00fcn\u00fc anlamak, bozuklu\u011fun daha geni\u015f sistemik do\u011fas\u0131na dair de\u011ferli bilgiler sa\u011flar.<\/p>\n\n\n\n<p class=\"wp-block-paragraph\">Daha fazla bilgi edin: <a href=\"https:\/\/dmdwarrior.com\/tr\/isoform-deficiencies-in-duchenne-muscular-dystrophy\/\" target=\"_blank\" rel=\"noreferrer noopener\">Duchenne Hastal\u0131\u011f\u0131nda \u0130zoform Eksiklikleri<\/a><\/p>\n\n\n\n<figure class=\"wp-block-image size-full\"><img decoding=\"async\" width=\"864\" height=\"1821\" src=\"https:\/\/dmdwarrior.com\/wp-content\/uploads\/2025\/10\/becker-muscular-dystrophy-infographic.jpg\" alt=\"Becker kas distrofisi ile ilgili semptomlar\u0131, nedenleri ve tedaviyi g\u00f6steren bilgi grafi\u011fi.\" class=\"wp-image-7815\" title=\"\" srcset=\"https:\/\/dmdwarrior.com\/wp-content\/uploads\/2025\/10\/becker-muscular-dystrophy-infographic.jpg 864w, https:\/\/dmdwarrior.com\/wp-content\/uploads\/2025\/10\/becker-muscular-dystrophy-infographic-142x300.jpg 142w, https:\/\/dmdwarrior.com\/wp-content\/uploads\/2025\/10\/becker-muscular-dystrophy-infographic-486x1024.jpg 486w, https:\/\/dmdwarrior.com\/wp-content\/uploads\/2025\/10\/becker-muscular-dystrophy-infographic-768x1619.jpg 768w, https:\/\/dmdwarrior.com\/wp-content\/uploads\/2025\/10\/becker-muscular-dystrophy-infographic-729x1536.jpg 729w, https:\/\/dmdwarrior.com\/wp-content\/uploads\/2025\/10\/becker-muscular-dystrophy-infographic-6x12.jpg 6w, https:\/\/dmdwarrior.com\/wp-content\/uploads\/2025\/10\/becker-muscular-dystrophy-infographic-199x420.jpg 199w, https:\/\/dmdwarrior.com\/wp-content\/uploads\/2025\/10\/becker-muscular-dystrophy-infographic-150x316.jpg 150w, https:\/\/dmdwarrior.com\/wp-content\/uploads\/2025\/10\/becker-muscular-dystrophy-infographic-300x632.jpg 300w, https:\/\/dmdwarrior.com\/wp-content\/uploads\/2025\/10\/becker-muscular-dystrophy-infographic-696x1467.jpg 696w\" sizes=\"(max-width: 864px) 100vw, 864px\" \/><figcaption class=\"wp-element-caption\">Becker kas distrofisi (BMD) hakk\u0131nda semptomlar, nedenler, tan\u0131 ve tedavi stratejilerini i\u00e7eren kapsaml\u0131 bir g\u00f6rsel \u00f6zet.<\/figcaption><\/figure>\n\n\n\n<hr class=\"wp-block-separator has-alpha-channel-opacity\"\/>\n\n\n\n<h2 class=\"wp-block-heading\" id=\"fa-qs-becker-muscular-dystrophy\">S\u0131k\u00e7a Sorulan Sorular: Becker Kas Distrofisi<\/h2>\n\n\n<div id=\"rank-math-faq\" class=\"rank-math-block\">\n<div class=\"rank-math-list\">\n<div id=\"faq-question-1777880625318\" class=\"rank-math-list-item\">\n<h3 class=\"rank-math-question\">Becker kas distrofisi ka\u00e7 ya\u015f\u0131nda ba\u015flar?<\/h3>\n<div class=\"rank-math-answer\">\n\n<p>Becker kas distrofisi (BMD) belirtileri genellikle 10 ile 20 ya\u015flar\u0131 aras\u0131nda ortaya \u00e7\u0131kar, ancak ba\u015flang\u0131\u00e7 ya\u015f\u0131 b\u00fcy\u00fck \u00f6l\u00e7\u00fcde de\u011fi\u015febilir. Baz\u0131 bireylere yeti\u015fkinli\u011fe kadar te\u015fhis konulmayabilir.<\/p>\n<p>Becker kas distrofisinin (BMD) Duchenne&#039;e k\u0131yasla daha yava\u015f ilerlemesi, bir\u00e7ok hastan\u0131n hareket kabiliyetini daha uzun s\u00fcre korumas\u0131na olanak tan\u0131r.<\/p>\n\n<\/div>\n<\/div>\n<div id=\"faq-question-1777880662550\" class=\"rank-math-list-item\">\n<h3 class=\"rank-math-question\">Becker Kas Distrofisi Ne Kadar H\u0131zl\u0131 \u0130lerler?<\/h3>\n<div class=\"rank-math-answer\">\n\n<p>Becker kas distrofisinin (BMD) ilerleyi\u015fi de\u011fi\u015fkendir. Baz\u0131 bireyler 40&#039;l\u0131 ya\u015flar\u0131na veya daha sonras\u0131na kadar y\u00fcr\u00fcyebilirken, di\u011ferleri daha erken d\u00f6nemde hareketlilik yard\u0131mc\u0131lar\u0131na ihtiya\u00e7 duyabilir.<\/p>\n<p>\u0130lerlemeyi etkileyen fakt\u00f6rler \u015funlard\u0131r:<\/p>\n<p>\u2022 Belirli bir genetik mutasyon<br \/>\u2022 Distrofin \u00fcretim d\u00fczeyi<br \/>\u2022 Erken tedavi ve bak\u0131ma eri\u015fim<\/p>\n\n<\/div>\n<\/div>\n<div id=\"faq-question-1777880701446\" class=\"rank-math-list-item\">\n<h3 class=\"rank-math-question\">Becker Kas Distrofisi Nas\u0131l Te\u015fhis Edilir?<\/h3>\n<div class=\"rank-math-answer\">\n\n<p>Becker kas distrofisi (BMD) tan\u0131s\u0131, klinik de\u011ferlendirme ve laboratuvar testlerinin bir kombinasyonunu i\u00e7erir.<\/p>\n<p>Te\u015fhis Ara\u00e7lar\u0131:<\/p>\n<p><strong><a href=\"https:\/\/dmdwarrior.com\/tr\/what-is-creatine-kinase-ck\/\" target=\"_blank\" data-type=\"post\" data-id=\"2167\" rel=\"noreferrer noopener\">Kreatin kinaz (CK) kan testi<\/a><\/strong> (y\u00fcksek seviyeler)<br \/><strong><a href=\"https:\/\/dmdwarrior.com\/tr\/dmd-genetic-testing\/\" target=\"_blank\" data-type=\"post\" data-id=\"2246\" rel=\"noreferrer noopener\">Genetik test<\/a><\/strong> (DMD gen mutasyonunu do\u011frular)<br \/><strong>Kas biyopsisi<\/strong> (distrofin d\u00fczeylerini analiz eder)<br \/><strong>Kalp de\u011ferlendirmeleri<\/strong> (kardiyomiyopatiyi tespit etmek)<\/p>\n<p>Becker kas distrofisinin (BMD) erken te\u015fhisi, zaman\u0131nda m\u00fcdahale i\u00e7in \u00e7ok \u00f6nemlidir.<\/p>\n\n<\/div>\n<\/div>\n<div id=\"faq-question-1777880764191\" class=\"rank-math-list-item\">\n<h3 class=\"rank-math-question\">Becker Kas Distrofisini Hangi Testler Do\u011frular?<\/h3>\n<div class=\"rank-math-answer\">\n\n<p>Do\u011frulama testleri, distrofin anormalliklerini belirlemeye odaklan\u0131r.<\/p>\n<p>Ba\u015fl\u0131ca Testler:<\/p>\n<p>\u2022 DMD geninin DNA dizilim analizi<br \/>\u2022 Distrofin i\u00e7in Western blot analizi<br \/>\u2022 Kas dejenerasyonu paternleri i\u00e7in MRI<\/p>\n<p>Bu testler Becker kas distrofisi (BMD) hakk\u0131nda kesin kan\u0131t sa\u011flar.<\/p>\n\n<\/div>\n<\/div>\n<div id=\"faq-question-1777880805320\" class=\"rank-math-list-item\">\n<h3 class=\"rank-math-question\">Genetik testler Becker kas distrofisini (BMD) te\u015fhis edebilir mi?<\/h3>\n<div class=\"rank-math-answer\">\n\n<p>Evet, genetik test, Becker kas distrofisi (BMD) tan\u0131s\u0131nda alt\u0131n standartt\u0131r. DMD genindeki delesyonlar\u0131, duplikasyonlar\u0131 veya nokta mutasyonlar\u0131n\u0131 belirler.<\/p>\n<p>Kad\u0131n akrabalar i\u00e7in de ta\u015f\u0131y\u0131c\u0131l\u0131k testi mevcuttur.<\/p>\n<p>Devam\u0131n\u0131 oku: <a href=\"https:\/\/dmdwarrior.com\/tr\/duchenne-carriers\/\" target=\"_blank\" data-type=\"post\" data-id=\"6276\" rel=\"noreferrer noopener\">DMD K\u0131z \u00c7ocuklar\u0131n\u0131 ve Kad\u0131nlar\u0131 Nas\u0131l Etkiliyor?<\/a><\/p>\n\n<\/div>\n<\/div>\n<div id=\"faq-question-1777880891645\" class=\"rank-math-list-item\">\n<h3 class=\"rank-math-question\">Becker Kas Distrofisi \u0130\u00e7in Bir Tedavi Var m\u0131?<\/h3>\n<div class=\"rank-math-answer\">\n\n<p>\u015eu anda Becker kas distrofisi (BMD) i\u00e7in bir tedavi bulunmamaktad\u0131r. Bununla birlikte, gen terapisi ve ekzon atlama teknolojileri alan\u0131ndaki devam eden ara\u015ft\u0131rmalar umut vaat etmektedir.<\/p>\n\n<\/div>\n<\/div>\n<div id=\"faq-question-1777880906870\" class=\"rank-math-list-item\">\n<h3 class=\"rank-math-question\">Becker Kas Distrofisi Nas\u0131l Tedavi Edilir?<\/h3>\n<div class=\"rank-math-answer\">\n\n<p>Becker kas distrofisi (BMD) tedavisi, semptomlar\u0131 y\u00f6netmeye ve hastal\u0131\u011f\u0131n ilerlemesini yava\u015flatmaya odaklan\u0131r.<\/p>\n<p>Tedavi Yakla\u015f\u0131mlar\u0131:<\/p>\n<p><strong><a href=\"https:\/\/dmdwarrior.com\/tr\/pros-and-cons-of-steroids-for-duchenne-muscular-dystrophy\/\" target=\"_blank\" data-type=\"post\" data-id=\"6244\" rel=\"noreferrer noopener\">Kortikosteroidler<\/a><\/strong> kas g\u00fcc\u00fcn\u00fc art\u0131rmak i\u00e7in<br \/><strong><a href=\"https:\/\/dmdwarrior.com\/tr\/physical-therapy-in-duchenne-muscular-dystrophy\/\" target=\"_blank\" data-type=\"post\" data-id=\"4582\" rel=\"noreferrer noopener\">Fizik tedavi<\/a><\/strong> hareketlili\u011fi korumak<br \/><strong>Kalp ila\u00e7lar\u0131<\/strong> kalp rahats\u0131zl\u0131klar\u0131 i\u00e7in<br \/><strong>Yard\u0131mc\u0131 cihazlar<\/strong> (ortez, tekerlekli sandalye)<\/p>\n<p>\u00c7ok disiplinli bak\u0131m, ya\u015fam kalitesini \u00f6nemli \u00f6l\u00e7\u00fcde art\u0131r\u0131r.<\/p>\n\n<\/div>\n<\/div>\n<div id=\"faq-question-1777880942211\" class=\"rank-math-list-item\">\n<h3 class=\"rank-math-question\">Becker kas distrofisi (BMD) tedavisinde hangi ila\u00e7lar kullan\u0131l\u0131r?<\/h3>\n<div class=\"rank-math-answer\">\n\n<p>Yayg\u0131n olarak kullan\u0131lan ila\u00e7lar \u015funlard\u0131r:<\/p>\n<p>\u2022 Kardiyomiyopati i\u00e7in ACE inhibit\u00f6rleri<br \/>\u2022 Kalp fonksiyonu i\u00e7in beta blokerler<br \/>\u2022 Kas koruma ama\u00e7l\u0131 kortikosteroidler<\/p>\n\n<\/div>\n<\/div>\n<div id=\"faq-question-1777880975262\" class=\"rank-math-list-item\">\n<h3 class=\"rank-math-question\">Becker kas distrofisi kalbi etkiler mi?<\/h3>\n<div class=\"rank-math-answer\">\n\n<p>Evet, kardiyomiyopati, Becker kas distrofisinin (BMD) \u00f6nemli bir komplikasyonudur. D\u00fczenli kalp takibi \u015fartt\u0131r. Daha fazla bilgi i\u00e7in: <a href=\"https:\/\/dmdwarrior.com\/tr\/heart-health-in-duchenne-muscular-dystrophy\/\" target=\"_blank\" rel=\"noreferrer noopener\">Duchenne&#039;de Kalp Sa\u011fl\u0131\u011f\u0131<\/a><\/p>\n\n<\/div>\n<\/div>\n<div id=\"faq-question-1777880980812\" class=\"rank-math-list-item\">\n<h3 class=\"rank-math-question\">BMD&#039;de Kardiyomiyopati nedir?<\/h3>\n<div class=\"rank-math-answer\">\n\n<p>Kardiyomiyopati, kalp kas\u0131n\u0131n zay\u0131flamas\u0131 anlam\u0131na gelir ve tedavi edilmedi\u011fi takdirde kalp yetmezli\u011fine yol a\u00e7abilir.<\/p>\n\n<\/div>\n<\/div>\n<div id=\"faq-question-1777881054394\" class=\"rank-math-list-item\">\n<h3 class=\"rank-math-question\">BMD hastas\u0131 olan bir ki\u015finin ortalama ya\u015fam s\u00fcresi ne kadard\u0131r?<\/h3>\n<div class=\"rank-math-answer\">\n\n<p>Becker kas distrofisi (BMD) hastalar\u0131n\u0131n ya\u015fam beklentisi olduk\u00e7a de\u011fi\u015fkendir. Uygun bak\u0131m ile bir\u00e7ok ki\u015fi 40-60 ya\u015flar\u0131na veya daha uzun s\u00fcreye kadar ya\u015fayabilmektedir.<\/p>\n\n<\/div>\n<\/div>\n<div id=\"faq-question-1777881065187\" class=\"rank-math-list-item\">\n<h3 class=\"rank-math-question\">Becker kas distrofisi olan ki\u015filer normal bir hayat ya\u015fayabilir mi?<\/h3>\n<div class=\"rank-math-answer\">\n\n<p>Becker kas distrofisi (BMD) zorluklar yaratsa da, uygun tedavi ve destekle bir\u00e7ok ki\u015fi \u00fcretken bir ya\u015fam s\u00fcrd\u00fcrebilmektedir.<\/p>\n\n<\/div>\n<\/div>\n<div id=\"faq-question-1777881067435\" class=\"rank-math-list-item\">\n<h3 class=\"rank-math-question\">Becker kas distrofisi riski alt\u0131nda olan kimlerdir?<\/h3>\n<div class=\"rank-math-answer\">\n\n<p>Risk fakt\u00f6rleri \u015funlard\u0131r:<\/p>\n<p>\u2022 Aile ge\u00e7mi\u015fi<br \/>\u2022 Ta\u015f\u0131y\u0131c\u0131 anne<br \/>\u2022 DMD geninde genetik mutasyon<\/p>\n\n<\/div>\n<\/div>\n<div id=\"faq-question-1777881108015\" class=\"rank-math-list-item\">\n<h3 class=\"rank-math-question\">Kad\u0131nlarda Becker Kas Distrofisi G\u00f6r\u00fclebilir mi?<\/h3>\n<div class=\"rank-math-answer\">\n\n<p>Evet, ta\u015f\u0131y\u0131c\u0131 kad\u0131nlarda kas g\u00fc\u00e7s\u00fczl\u00fc\u011f\u00fc veya kalp sorunlar\u0131 gibi hafif belirtiler g\u00f6r\u00fclebilir.<\/p>\n\n<\/div>\n<\/div>\n<div id=\"faq-question-1777881113217\" class=\"rank-math-list-item\">\n<h3 class=\"rank-math-question\">Duchenne ve Becker kas distrofisi aras\u0131ndaki fark nedir?<\/h3>\n<div class=\"rank-math-answer\">\n<img decoding=\"async\" width=\"2000\" height=\"1143\" src=\"https:\/\/dmdwarrior.com\/wp-content\/uploads\/2024\/12\/dmd-vs-bmd.jpg\" class=\"alignright\" alt=\"DMD ve BMD aras\u0131ndaki farklar\" title=\"\">\n<p>Temel fark distrofin \u00fcretiminde yatmaktad\u0131r:<\/p>\n<p>\u2022 Duchenne: \u00e7ok az veya hi\u00e7 distrofin yok<br \/>\u2022 Becker: k\u0131smen i\u015flevsel distrofin<\/p>\n<p>Bu durum, Becker kas distrofisinde (BMD) daha hafif semptomlara ve daha yava\u015f ilerlemeye yol a\u00e7ar.<\/p>\n\n<\/div>\n<\/div>\n<div id=\"faq-question-1777881201970\" class=\"rank-math-list-item\">\n<h3 class=\"rank-math-question\">Becker kas distrofisi Duchenne kas distrofisinden daha m\u0131 hafiftir?<\/h3>\n<div class=\"rank-math-answer\">\n\n<p>Evet, Becker kas distrofisi (BMD) genellikle daha az \u015fiddetlidir, daha ge\u00e7 ba\u015flar ve ya\u015fam beklentisi daha uzundur.<\/p>\n\n<\/div>\n<\/div>\n<\/div>\n<\/div>\n\n\n<hr class=\"wp-block-separator has-alpha-channel-opacity\"\/>\n\n\n\n<h2 class=\"wp-block-heading\" id=\"final-thoughts\">Son D\u00fc\u015f\u00fcnceler<\/h2>\n\n\n\n<p class=\"wp-block-paragraph\"><strong>Becker kas distrofisi (BMD), kas g\u00fcc\u00fcn\u00fc ve kalp sa\u011fl\u0131\u011f\u0131n\u0131 etkileyen, ilerleyici ancak y\u00f6netilebilir bir genetik hastal\u0131kt\u0131r.<\/strong> Erken te\u015fhis ve multidisipliner bak\u0131m, sonu\u00e7lar\u0131 ve ya\u015fam kalitesini iyile\u015ftirir. Genetik ara\u015ft\u0131rmalardaki geli\u015fmeler, hedefe y\u00f6nelik tedaviler i\u00e7in umut vermeye devam etmektedir. <strong>Semptomlar\u0131, riskleri ve tedavi se\u00e7eneklerini anlamak hastalar\u0131 ve ailelerini g\u00fc\u00e7lendirir. D\u00fczenli kalp takibi uzun vadeli sa\u011fl\u0131k i\u00e7in hayati \u00f6nem ta\u015f\u0131r.<\/strong> Ki\u015fiselle\u015ftirilmi\u015f bak\u0131m planlar\u0131 hastal\u0131\u011f\u0131n ilerlemesini yava\u015flatmaya yard\u0131mc\u0131 olur. Fark\u0131ndal\u0131k ve e\u011fitim, zaman\u0131nda m\u00fcdahale i\u00e7in \u00e7ok \u00f6nemlidir. Destek a\u011flar\u0131 g\u00fcnl\u00fck ya\u015famda hayati bir rol oynar. <strong>Devam eden ara\u015ft\u0131rmalar yeni olanaklar sunuyor. Uygun bak\u0131m ile bir\u00e7ok ki\u015fi aktif ve anlaml\u0131 bir ya\u015fam s\u00fcr\u00fcyor.<\/strong><\/p>\n\n\n\n<hr class=\"wp-block-separator has-alpha-channel-opacity\"\/>\n\n\n\n<h2 class=\"wp-block-heading\" id=\"academic-sources-and-references\">Akademik Kaynaklar ve Referanslar<\/h2>\n\n\n\n<ul class=\"wp-block-list\">\n<li>Hoffman EP, Brown RH Jr, Kunkel LM. Distrofin: Duchenne kas distrofisi lokusunun protein \u00fcr\u00fcn\u00fc. <a href=\"https:\/\/www.cell.com\/cell\/abstract\/0092-8674(87)90579-4\" target=\"_blank\" rel=\"noreferrer noopener\">Cell<\/a>. 1987;51(6):919\u2013928.<\/li>\n\n\n\n<li>Bushby K, Finkel R, Birnkrant DJ ve di\u011ferleri. Duchenne kas distrofisinin tan\u0131 ve y\u00f6netimi, b\u00f6l\u00fcm 1: tan\u0131, farmakolojik ve psikososyal y\u00f6netim. <a href=\"https:\/\/www.thelancet.com\/journals\/laneur\/article\/PIIS1474-4422(09)70271-6\/fulltext\" target=\"_blank\" rel=\"noreferrer noopener\">Lancet N\u00f6roloji<\/a>. 2010;9(1):77\u201393.<\/li>\n\n\n\n<li>Bushby K, Finkel R, Birnkrant DJ ve di\u011ferleri. Duchenne kas distrofisinin tan\u0131 ve y\u00f6netimi, b\u00f6l\u00fcm 2: multidisipliner bak\u0131m\u0131n uygulanmas\u0131. <a href=\"https:\/\/www.thelancet.com\/journals\/laneur\/article\/PIIS1474-4422(09)70272-8\/abstract\" target=\"_blank\" rel=\"noopener\">Lancet N\u00f6roloji<\/a>. 2010;9(2):177\u2013189.<\/li>\n\n\n\n<li>Emery AEH. Kas distrofisi. <a href=\"https:\/\/www.thelancet.com\/journals\/lancet\/article\/PIIS0140673602078157\/abstract\" target=\"_blank\" rel=\"noopener\">The Lancet<\/a>. 2002;359(9307):687\u2013695.<\/li>\n\n\n\n<li>Nigro G, Comi LI, Politano L, Bain RJ. Duchenne kas distrofisinde kardiyomiyopatinin g\u00f6r\u00fclme s\u0131kl\u0131\u011f\u0131 ve evrimi. <a href=\"https:\/\/pubmed.ncbi.nlm.nih.gov\/2312196\/\" target=\"_blank\" rel=\"noopener\">Uluslararas\u0131 Kardiyoloji Dergisi<\/a>. 1990;26(3):271\u2013277.<\/li>\n\n\n\n<li>Chamova T, Guergueltcheva V, Raycheva M ve di\u011ferleri. Distrofinopatilerde Dp140 yoklu\u011funun bili\u015fsel bozuklukla ili\u015fkisi. <a href=\"https:\/\/pubmed.ncbi.nlm.nih.gov\/24265581\/\" target=\"_blank\" rel=\"noopener\">N\u00f6roloji<\/a>. 2013;80(17):1596\u20131602.<\/li>\n\n\n\n<li>Bardoni A, Felisari G, Sironi M ve di\u011ferleri. Dp140 d\u00fczenleyici sekanslar\u0131n\u0131n kayb\u0131, distrofinopatilerde bili\u015fsel bozuklukla ili\u015fkilidir. <a href=\"https:\/\/pubmed.ncbi.nlm.nih.gov\/10734267\/\" target=\"_blank\" rel=\"noopener\">The Lancet<\/a>. 1999;353(9152):897\u2013902.<\/li>\n\n\n\n<li>Pezzoni L ve ark. Becker kas distrofisinde bili\u015fsel ve n\u00f6ropsikolojik profil. <a href=\"https:\/\/pubmed.ncbi.nlm.nih.gov\/35367224\/\" target=\"_blank\" rel=\"noopener\">N\u00f6rom\u00fcsk\u00fcler Bozukluklar<\/a>. 2023.<\/li>\n\n\n\n<li>Blake DJ, Weir A, Newey SE, Davies KE. Kaslardaki distrofin ve distrofinle ili\u015fkili proteinlerin i\u015flevi ve geneti\u011fi. <a href=\"https:\/\/pubmed.ncbi.nlm.nih.gov\/11917091\/\" target=\"_blank\" rel=\"noopener\">Fizyolojik \u0130ncelemeler<\/a>. 2002;82(2):291\u2013329.<\/li>\n\n\n\n<li>Ervasti JM, Campbell KP. Distrofin-glikoprotein kompleksinin laminin ve aktin aras\u0131nda transmembran bir ba\u011flay\u0131c\u0131 olarak rol\u00fc. <a href=\"https:\/\/pmc.ncbi.nlm.nih.gov\/articles\/PMC2119587\/\" target=\"_blank\" rel=\"noopener\">H\u00fccre Biyolojisi Dergisi<\/a>. 1993;122(4):809\u2013823.<\/li>\n\n\n\n<li>Muntoni F, Torelli S, Ferlini A. Distrofin ve mutasyonlar: bir gen, birka\u00e7 protein, \u00e7oklu fenotipler. <a href=\"https:\/\/pubmed.ncbi.nlm.nih.gov\/14636778\/\" target=\"_blank\" rel=\"noopener\">Lancet N\u00f6roloji<\/a>. 2003;2(12):731\u2013740.<\/li>\n\n\n\n<li>Taylor PJ, Betts GA, Maroulis S ve di\u011ferleri. Distrofin geni mutasyonunun yeri ve bili\u015fsel bozukluk riski. <a href=\"https:\/\/pubmed.ncbi.nlm.nih.gov\/20098710\/\" target=\"_blank\" rel=\"noopener\">N\u00f6roloji<\/a>. 2010;74(13):1044\u20131050.<\/li>\n\n\n\n<li>Daoud F, Angeard N, Demerre B ve di\u011ferleri. Becker kas distrofisinde bili\u015fsel ve davran\u0131\u015fsal bozukluklar. <a href=\"https:\/\/pubmed.ncbi.nlm.nih.gov\/19602481\/\" target=\"_blank\" rel=\"noopener\">N\u00f6rom\u00fcsk\u00fcler Bozukluklar<\/a>. 2009;19(6):383\u2013388.<\/li>\n\n\n\n<li>Le Rumeur E. Dystrophin ve bununla ili\u015fkili iki genetik hastal\u0131k olan Duchenne ve Becker kas distrofisi. <a href=\"https:\/\/pubmed.ncbi.nlm.nih.gov\/26295289\/\" target=\"_blank\" rel=\"noopener\">Bosna Temel T\u0131p Bilimleri Dergisi<\/a>. 2015;15(3):14\u201320.<\/li>\n\n\n\n<li>Koenig M, Beggs AH, Moyer M ve di\u011ferleri. Duchenne ve Becker kas distrofisinin molek\u00fcler temeli. <a href=\"https:\/\/pmc.ncbi.nlm.nih.gov\/articles\/PMC1683519\/\" target=\"_blank\" rel=\"noopener\">Amerikan \u0130nsan Geneti\u011fi Dergisi<\/a>. 1989;45(4):498\u2013506.<\/li>\n<\/ul>","protected":false},"excerpt":{"rendered":"<p>Becker muscular dystrophy (BMD) is a genetic neuromuscular disorder characterized by progressive muscle weakness caused by mutations in the dystrophin gene. Often discussed alongside dystrophin deficiency, X-linked recessive disorders, and progressive muscle degeneration diseases, Becker muscular dystrophy (BMD) represents a milder but still serious form of dystrophinopathy compared to Duchenne muscular dystrophy. Understanding Becker muscular [&hellip;]<\/p>\n","protected":false},"author":1,"featured_media":4911,"comment_status":"open","ping_status":"closed","sticky":false,"template":"","format":"standard","meta":{"footnotes":""},"categories":[1],"tags":[446,361,745,747,744,746],"class_list":["post-4900","post","type-post","status-publish","format-standard","has-post-thumbnail","category-dmd","tag-becker","tag-bmd","tag-bmd-causes","tag-bmd-life-expectancy","tag-bmd-symptoms","tag-bmd-treatments"],"subtitle":"Becker kas distrofisi (BMD), kaslar\u0131 ve kalbi etkileyen ilerleyici bir genetik hastal\u0131kt\u0131r. Distrofin genindeki mutasyonlardan kaynaklan\u0131r ve kademeli olarak g\u00fc\u00e7s\u00fczl\u00fc\u011fe yol a\u00e7ar. Daha iyi sonu\u00e7lar elde etmek i\u00e7in belirtilerini, te\u015fhisini ve y\u00f6netimini \u00f6\u011frenin.","_links":{"self":[{"href":"https:\/\/dmdwarrior.com\/tr\/wp-json\/wp\/v2\/posts\/4900","targetHints":{"allow":["GET"]}}],"collection":[{"href":"https:\/\/dmdwarrior.com\/tr\/wp-json\/wp\/v2\/posts"}],"about":[{"href":"https:\/\/dmdwarrior.com\/tr\/wp-json\/wp\/v2\/types\/post"}],"author":[{"embeddable":true,"href":"https:\/\/dmdwarrior.com\/tr\/wp-json\/wp\/v2\/users\/1"}],"replies":[{"embeddable":true,"href":"https:\/\/dmdwarrior.com\/tr\/wp-json\/wp\/v2\/comments?post=4900"}],"version-history":[{"count":0,"href":"https:\/\/dmdwarrior.com\/tr\/wp-json\/wp\/v2\/posts\/4900\/revisions"}],"wp:featuredmedia":[{"embeddable":true,"href":"https:\/\/dmdwarrior.com\/tr\/wp-json\/wp\/v2\/media\/4911"}],"wp:attachment":[{"href":"https:\/\/dmdwarrior.com\/tr\/wp-json\/wp\/v2\/media?parent=4900"}],"wp:term":[{"taxonomy":"category","embeddable":true,"href":"https:\/\/dmdwarrior.com\/tr\/wp-json\/wp\/v2\/categories?post=4900"},{"taxonomy":"post_tag","embeddable":true,"href":"https:\/\/dmdwarrior.com\/tr\/wp-json\/wp\/v2\/tags?post=4900"}],"curies":[{"name":"wp","href":"https:\/\/api.w.org\/{rel}","templated":true}]}}