{"id":4371,"date":"2026-09-05T14:16:10","date_gmt":"2026-09-05T11:16:10","guid":{"rendered":"https:\/\/dmdwarrior.com\/?p=4371"},"modified":"2026-09-05T14:16:13","modified_gmt":"2026-09-05T11:16:13","slug":"world-duchenne-awareness-day","status":"publish","type":"post","link":"https:\/\/dmdwarrior.com\/tr\/world-duchenne-awareness-day\/","title":{"rendered":"D\u00fcnya Duchenne Fark\u0131ndal\u0131k G\u00fcn\u00fc 2026 (#WDAD2026)"},"content":{"rendered":"<p class=\"wp-block-paragraph\"><strong>Her y\u0131l D\u00fcnya Duchenne Fark\u0131ndal\u0131k G\u00fcn\u00fc (WDAD), Duchenne Kas Distrofisi (DMD) hakk\u0131nda fark\u0131ndal\u0131k yaratmak amac\u0131yla k\u00fcresel Duchenne toplulu\u011funu bir araya getiriyor.<\/strong><\/p>\n\n\n\n<p class=\"wp-block-paragraph\">Ancak 2026&#039;da daha zor bir soru sormal\u0131y\u0131z:<\/p>\n\n\n\n<p class=\"wp-block-paragraph\"><strong>Hastalar h\u00e2l\u00e2 ihtiya\u00e7 duyduklar\u0131 tedavilere, klinik ara\u015ft\u0131rmalara ve uzman bak\u0131m\u0131na eri\u015femiyorsa, fark\u0131ndal\u0131k ne anlama gelir?<\/strong><\/p>\n\n\n\n<p class=\"wp-block-paragraph\">Y\u0131llard\u0131r aileler seslerini y\u00fckseltiyor. Ara\u015ft\u0131rmac\u0131lar bilimi ileriye ta\u015f\u0131yor. Yeni tedaviler geli\u015ftirildi ve baz\u0131lar\u0131 yasal onay ald\u0131.<\/p>\n\n\n\n<p class=\"wp-block-paragraph\">Ancak onay, otomatik olarak kullan\u0131labilirlik anlam\u0131na gelmez.<\/p>\n\n\n\n<p class=\"wp-block-paragraph\">Eri\u015filebilirlik her zaman uygun fiyatl\u0131l\u0131k anlam\u0131na gelmez.<\/p>\n\n\n\n<p class=\"wp-block-paragraph\">Do\u011fru \u00fclkede ya\u015famak, bir \u015fansa sahip olmak i\u00e7in asla bir \u015fart olmamal\u0131d\u0131r.<\/p>\n\n\n\n<p class=\"wp-block-paragraph\"><strong>2026 D\u00fcnya Duchenne Fark\u0131ndal\u0131k G\u00fcn\u00fc, s\u0131radan bir fark\u0131ndal\u0131k g\u00fcn\u00fcnden \u00e7ok daha fazlas\u0131 olmal\u0131.<\/strong><\/p>\n\n\n\n<p class=\"wp-block-paragraph\"><strong><em>Bu, eri\u015fim, adalet ve eylem \u00e7a\u011fr\u0131s\u0131 olmal\u0131d\u0131r.<\/em><\/strong><\/p>\n\n\n\n<p class=\"wp-block-paragraph\">\u00c7\u00fcnk\u00fc Duchenne ailelerinin ilerleme kaydedilece\u011fine dair vaatlere ihtiyac\u0131 yok.<\/p>\n\n\n\n<p class=\"wp-block-paragraph\"><strong>Onlara ula\u015fmak i\u00e7in ilerlemeye ihtiya\u00e7lar\u0131 var.<\/strong><\/p>\n\n\n\n<p class=\"wp-block-paragraph\">Ve sonsuza kadar bekleme l\u00fcksleri yok.<\/p>\n\n\n\n<div class=\"wp-block-rank-math-toc-block\" id=\"rank-math-toc\"><h2>\u0130\u00e7indekiler<\/h2><nav><ul><li><a href=\"#world-duchenne-awareness-day-2026\">D\u00dcNYA DUCHENNE FARKINDALIK G\u00dcN\u00dc 2026<\/a><\/li><li><a href=\"#awareness-is-not-enough\">FARKINDALIK YETERL\u0130 DE\u011e\u0130LD\u0130R<\/a><\/li><li><a href=\"#approved-should-mean-available\">ONAYLANDI, MEVCUT OLDU\u011eU ANLAMINA GELMEL\u0130D\u0130R<\/a><\/li><li><a href=\"#a-treatment-should-not-be-a-luxury\">TEDAV\u0130 B\u0130R L\u00dcKS OLMAMALIDIR<\/a><\/li><li><a href=\"#your-country-should-not-determine-your-chance\">\u00dcLKEN\u0130Z \u015eANSINIZI BEL\u0130RLEMEMEL\u0130<\/a><\/li><li><a href=\"#clinical-trials-should-not-have-borders\">KL\u0130N\u0130K ARA\u015eTIRMALARIN SINIRLARI OLMAMALIDIR<\/a><\/li><li><a href=\"#science-must-reach-the-patient\">B\u0130L\u0130M HASTAYA ULA\u015eMALI<\/a><\/li><li><a href=\"#time-matters-access-cannot-wait\">ZAMAN \u00d6NEML\u0130. ER\u0130\u015e\u0130M BEKLEYEMEZ.<\/a><\/li><li><a href=\"#what-should-change-in-2026\">2026&#039;DA NELER DE\u011e\u0130\u015eMEL\u0130?<\/a><\/li><li><a href=\"#this-is-not-only-about-duchenne\">BU SADECE DUCHENNE \u0130LE \u0130LG\u0130L\u0130 DE\u011e\u0130L<\/a><\/li><li><a href=\"#how-you-can-support\">NASIL DESTEK OLAB\u0130L\u0130RS\u0130N\u0130Z?<\/a><\/li><li><a href=\"#our-message-for-world-duchenne-awareness-day-2026\">2026 D\u00dcNYA DUCHENNE FARKINDALIK G\u00dcN\u00dc \u0130\u00c7\u0130N MESAJIMIZ<\/a><\/li><li><a href=\"#access-is-not-a-privilege\">ER\u0130\u015e\u0130M B\u0130R AYRICALIK DE\u011e\u0130LD\u0130R.<\/a><\/li><li><a href=\"#duchenne-does-not-wait\">DUCHENNE BEKLEMEZ.<\/a><\/li><\/ul><\/nav><\/div>\n\n\n\n<h2 id=\"world-duchenne-awareness-day-2026\" class=\"wp-block-heading\">D\u00dcNYA DUCHENNE FARKINDALIK G\u00dcN\u00dc 2026<\/h2>\n\n\n\n<h3 id=\"access-changes-lives\" class=\"wp-block-heading\">ER\u0130\u015e\u0130M HAYATLARI DE\u011e\u0130\u015eT\u0130R\u0130R.<\/h3>\n\n\n\n<p class=\"wp-block-paragraph\">Duchenne kas distrofisi her g\u00fcn hayatlar\u0131 de\u011fi\u015ftiriyor.<\/p>\n\n\n\n<p class=\"wp-block-paragraph\">Duchenne kas distrofisiyle ya\u015fayan aileler i\u00e7in zaman \u00e7ok \u00f6nemli. Eri\u015fim \u00e7ok \u00f6nemli. Hastal\u0131\u011f\u0131n ilerlemesini yava\u015flatmak i\u00e7in her f\u0131rsat \u00e7ok \u00f6nemli.<\/p>\n\n\n\n<p class=\"wp-block-paragraph\">Ancak yaln\u0131zca fark\u0131ndal\u0131k yeterli de\u011fil.<\/p>\n\n\n\n<p class=\"wp-block-paragraph\">2026&#039;da fark\u0131ndal\u0131\u011f\u0131n \u00f6tesine ge\u00e7memiz gerekiyor.<\/p>\n\n\n\n<p class=\"wp-block-paragraph\"><strong>Eri\u015fime ihtiyac\u0131m\u0131z var.<br>Adalete ihtiyac\u0131m\u0131z var.<br>Harekete ge\u00e7meliyiz.<\/strong><\/p>\n\n\n\n<figure class=\"wp-block-image size-large\"><img decoding=\"async\" width=\"1024\" height=\"576\" src=\"https:\/\/dmdwarrior.com\/wp-content\/uploads\/2026\/09\/we-do-not-want-awareness-without-action-2026-1024x576.jpg\" alt=\"D\u00fcnya Duchenne Fark\u0131ndal\u0131k G\u00fcn\u00fc 2026 kampanyas\u0131 g\u00f6rselinde, k\u0131rm\u0131z\u0131 bir DMD Sava\u015f\u00e7\u0131s\u0131 pelerini giyen kararl\u0131 bir \u00e7ocuk parlak bir gelece\u011fe bak\u0131yor.\" class=\"wp-image-8688\" title=\"\" srcset=\"https:\/\/dmdwarrior.com\/wp-content\/uploads\/2026\/09\/we-do-not-want-awareness-without-action-2026-1024x576.jpg 1024w, https:\/\/dmdwarrior.com\/wp-content\/uploads\/2026\/09\/we-do-not-want-awareness-without-action-2026-300x169.jpg 300w, https:\/\/dmdwarrior.com\/wp-content\/uploads\/2026\/09\/we-do-not-want-awareness-without-action-2026-768x432.jpg 768w, https:\/\/dmdwarrior.com\/wp-content\/uploads\/2026\/09\/we-do-not-want-awareness-without-action-2026-1536x864.jpg 1536w, https:\/\/dmdwarrior.com\/wp-content\/uploads\/2026\/09\/we-do-not-want-awareness-without-action-2026-18x10.jpg 18w, https:\/\/dmdwarrior.com\/wp-content\/uploads\/2026\/09\/we-do-not-want-awareness-without-action-2026-746x420.jpg 746w, https:\/\/dmdwarrior.com\/wp-content\/uploads\/2026\/09\/we-do-not-want-awareness-without-action-2026-150x84.jpg 150w, https:\/\/dmdwarrior.com\/wp-content\/uploads\/2026\/09\/we-do-not-want-awareness-without-action-2026-696x392.jpg 696w, https:\/\/dmdwarrior.com\/wp-content\/uploads\/2026\/09\/we-do-not-want-awareness-without-action-2026-1068x601.jpg 1068w, https:\/\/dmdwarrior.com\/wp-content\/uploads\/2026\/09\/we-do-not-want-awareness-without-action-2026.jpg 1672w\" sizes=\"(max-width: 1024px) 100vw, 1024px\" \/><figcaption class=\"wp-element-caption\">Fark\u0131ndal\u0131k ba\u015flang\u0131\u00e7t\u0131r. Eylem hayatlar\u0131 de\u011fi\u015ftirir.<\/figcaption><\/figure>\n\n\n\n<hr class=\"wp-block-separator has-alpha-channel-opacity\"\/>\n\n\n\n<h2 id=\"awareness-is-not-enough\" class=\"wp-block-heading\">FARKINDALIK YETERL\u0130 DE\u011e\u0130LD\u0130R<\/h2>\n\n\n\n<p class=\"wp-block-paragraph\">Duchenne toplulu\u011fu y\u0131llard\u0131r fark\u0131ndal\u0131\u011f\u0131 art\u0131rmak i\u00e7in yorulmadan \u00e7al\u0131\u015f\u0131yor.<\/p>\n\n\n\n<p class=\"wp-block-paragraph\">Aileler hikayelerini payla\u015ft\u0131. Ara\u015ft\u0131rmac\u0131lar bilimi ilerletti. Klinik denemeler yeni olanaklar a\u00e7t\u0131. Yeni tedaviler d\u00fczenleyici onay ald\u0131.<\/p>\n\n\n\n<p class=\"wp-block-paragraph\">Bunlar \u00f6nemli ba\u015far\u0131lar.<\/p>\n\n\n\n<p class=\"wp-block-paragraph\">Ancak hasta o tedaviye eri\u015femedi\u011fi s\u00fcrece, o tedavi hastan\u0131n hayat\u0131n\u0131 de\u011fi\u015ftiremez.<\/p>\n\n\n\n<p class=\"wp-block-paragraph\"><strong>Fark\u0131ndal\u0131k, eri\u015fime yol a\u00e7mal\u0131d\u0131r.<br>Eri\u015fim, eyleme yol a\u00e7mal\u0131d\u0131r.<\/strong><\/p>\n\n\n\n<p class=\"wp-block-paragraph\">Bu D\u00fcnya Duchenne Fark\u0131ndal\u0131k G\u00fcn\u00fc&#039;nde, sadece Duchenne hakk\u0131nda bildiklerimizde de\u011fil, hastalar\u0131n ger\u00e7ekten eri\u015febilecekleri \u015feylerde de anlaml\u0131 bir de\u011fi\u015fim \u00e7a\u011fr\u0131s\u0131nda bulunuyoruz.<\/p>\n\n\n\n<hr class=\"wp-block-separator has-alpha-channel-opacity\"\/>\n\n\n\n<h2 id=\"approved-should-mean-available\" class=\"wp-block-heading\">ONAYLANDI, MEVCUT OLDU\u011eU ANLAMINA GELMEL\u0130D\u0130R<\/h2>\n\n\n\n<p class=\"wp-block-paragraph\">Bir tedavi y\u00f6ntemi d\u00fczenleyici onay alabilir, ancak d\u00fcnyan\u0131n bir\u00e7ok yerinde hastalar i\u00e7in eri\u015filemez durumda kalabilir.<\/p>\n\n\n\n<p class=\"wp-block-paragraph\">Onay \u00f6nemli bir d\u00f6n\u00fcm noktas\u0131d\u0131r.<\/p>\n\n\n\n<p class=\"wp-block-paragraph\">Bu, yolculu\u011fun sonu olmamal\u0131.<\/p>\n\n\n\n<p class=\"wp-block-paragraph\">Aileler, bir \u00fclkede tedavilere eri\u015fim sa\u011flan\u0131rken, ba\u015fka bir \u00fclkedeki hastalar\u0131n eri\u015fim i\u00e7in beklemeye devam etmesini izlemek zorunda kalmamal\u0131d\u0131r.<\/p>\n\n\n\n<p class=\"wp-block-paragraph\"><strong>Onaylanm\u0131\u015f bir tedavi, hastaya ula\u015fma yolunu i\u00e7ermelidir.<\/strong><\/p>\n\n\n\n<p class=\"wp-block-paragraph\">Anlaml\u0131 eri\u015fimi m\u00fcmk\u00fcn k\u0131lmak i\u00e7in d\u00fczenleyici onay, geri \u00f6deme kararlar\u0131, sa\u011fl\u0131k sistemleri ve eri\u015filebilirlik birlikte \u00e7al\u0131\u015fmal\u0131d\u0131r.<\/p>\n\n\n\n<hr class=\"wp-block-separator has-alpha-channel-opacity\"\/>\n\n\n\n<h2 id=\"a-treatment-should-not-be-a-luxury\" class=\"wp-block-heading\">TEDAV\u0130 B\u0130R L\u00dcKS OLMAMALIDIR<\/h2>\n\n\n\n<p class=\"wp-block-paragraph\">\u0130novasyonun bir bedeli vard\u0131r.<\/p>\n\n\n\n<p class=\"wp-block-paragraph\">Ancak onaylanm\u0131\u015f bir tedaviye eri\u015fim, yaln\u0131zca ailenin bunu kar\u015f\u0131lay\u0131p kar\u015f\u0131layamayaca\u011f\u0131na ba\u011fl\u0131 olmamal\u0131d\u0131r.<\/p>\n\n\n\n<p class=\"wp-block-paragraph\">Duchenne kas distrofisinin getirdi\u011fi mali y\u00fck, aileleri zaten say\u0131s\u0131z \u015fekilde etkiliyor. Potansiyel olarak faydal\u0131 olabilecek tedaviler mali a\u00e7\u0131dan ula\u015f\u0131lamaz hale geldi\u011finde, onay almak tek ba\u015f\u0131na bekleyen aileler i\u00e7in pek bir teselli sa\u011flam\u0131yor.<\/p>\n\n\n\n<p class=\"wp-block-paragraph\"><strong>Hayat de\u011fi\u015ftiren tedaviler eri\u015filebilir ve uygun fiyatl\u0131 olmal\u0131d\u0131r.<\/strong><\/p>\n\n\n\n<p class=\"wp-block-paragraph\">Daha adil fiyatland\u0131rma, s\u00fcrd\u00fcr\u00fclebilir geri \u00f6deme sistemleri ve h\u00fck\u00fcmetler, sa\u011fl\u0131k sistemleri ve tedavi geli\u015ftiricileri aras\u0131nda daha fazla i\u015f birli\u011fi \u00e7a\u011fr\u0131s\u0131nda bulunuyoruz.<\/p>\n\n\n\n<p class=\"wp-block-paragraph\">\u00c7\u00fcnk\u00fc bir hastan\u0131n nerede ya\u015fad\u0131\u011f\u0131 veya ailesinin maddi durumunun ne kadar oldu\u011fu, tedaviye eri\u015fip eri\u015femeyece\u011fini belirlememeli.<\/p>\n\n\n\n<hr class=\"wp-block-separator has-alpha-channel-opacity\"\/>\n\n\n\n<h2 id=\"your-country-should-not-determine-your-chance\" class=\"wp-block-heading\">\u00dcLKEN\u0130Z \u015eANSINIZI BEL\u0130RLEMEMEL\u0130<\/h2>\n\n\n\n<p class=\"wp-block-paragraph\">Duchenne k\u00fcresel bir hastal\u0131kt\u0131r.<\/p>\n\n\n\n<p class=\"wp-block-paragraph\">Hastalar\u0131n eri\u015febilece\u011fi f\u0131rsatlar da k\u00fcresel olmal\u0131d\u0131r.<\/p>\n\n\n\n<p class=\"wp-block-paragraph\">G\u00fcn\u00fcm\u00fczde tan\u0131ya, uzman bak\u0131m\u0131na, onayl\u0131 tedavilere ve klinik ara\u015ft\u0131rmalara eri\u015fim, \u00fclkeden \u00fclkeye b\u00fcy\u00fck farkl\u0131l\u0131klar g\u00f6sterebilmektedir.<\/p>\n\n\n\n<p class=\"wp-block-paragraph\">Bir \u00e7ocuk, s\u0131rf s\u0131n\u0131r\u0131n di\u011fer taraf\u0131nda do\u011fdu diye daha az f\u0131rsata sahip olmamal\u0131.<\/p>\n\n\n\n<p class=\"wp-block-paragraph\"><strong>Posta kodunuz gelece\u011finizi belirlememeli.<\/strong><\/p>\n\n\n\n<p class=\"wp-block-paragraph\">Duchenne hastalar\u0131n\u0131n, nerede ya\u015fad\u0131klar\u0131na bak\u0131lmaks\u0131z\u0131n, t\u0131bbi geli\u015fmelerden adil bir \u015fekilde yararlanma f\u0131rsat\u0131 buldu\u011fu bir d\u00fcnyaya ihtiyac\u0131m\u0131z var. Daha Fazlas\u0131n\u0131 Okuyun: <a href=\"https:\/\/dmdwarrior.com\/tr\/the-challenge-of-getting-dmd-gene-therapy-is-geography-destiny\/\" target=\"_blank\" rel=\"noreferrer noopener\">Co\u011frafya Kader midir?<\/a><\/p>\n\n\n\n<hr class=\"wp-block-separator has-alpha-channel-opacity\"\/>\n\n\n\n<h2 id=\"clinical-trials-should-not-have-borders\" class=\"wp-block-heading\">KL\u0130N\u0130K ARA\u015eTIRMALARIN SINIRLARI OLMAMALIDIR<\/h2>\n\n\n\n<p class=\"wp-block-paragraph\">Duchenne kas distrofisi tedavilerinin yeni neslini geli\u015ftirmek i\u00e7in klinik ara\u015ft\u0131rmalar \u015fartt\u0131r.<\/p>\n\n\n\n<p class=\"wp-block-paragraph\">Ancak klinik ara\u015ft\u0131rmalara eri\u015fim adil ve kapsay\u0131c\u0131 olmal\u0131d\u0131r.<\/p>\n\n\n\n<p class=\"wp-block-paragraph\">D\u00fcnya genelindeki uygun hastalar, gerekti\u011finde klinik ara\u015ft\u0131rmalara kat\u0131lmak i\u00e7in anlaml\u0131 f\u0131rsatlar\u0131 hak ediyorlar.<\/p>\n\n\n\n<p class=\"wp-block-paragraph\">Co\u011frafya, bilimsel ilerlemenin \u00f6n\u00fcnde gereksiz bir engel haline gelmemelidir.<\/p>\n\n\n\n<p class=\"wp-block-paragraph\"><strong>Bir hastan\u0131n \u00fclkesi, ona bir \u015fans verilip verilmeyece\u011fini belirlememeli.<\/strong><\/p>\n\n\n\n<p class=\"wp-block-paragraph\">Ara\u015ft\u0131rmac\u0131lara, sponsorlara, d\u00fczenleyici kurumlara ve sa\u011fl\u0131k sistemlerine, Duchenne hastalar\u0131 i\u00e7in \u00fclkeler ve b\u00f6lgeler genelinde e\u015fit f\u0131rsatlar\u0131 geni\u015fletmeleri \u00e7a\u011fr\u0131s\u0131nda bulunuyoruz.<\/p>\n\n\n\n<p class=\"wp-block-paragraph\">Klinik ara\u015ft\u0131rmalar, Duchenne kas distrofisi toplulu\u011funu b\u00f6lmek yerine birle\u015ftirmeli. \u015eimdi Ke\u015ffedin: <a href=\"https:\/\/dmdwarrior.com\/clinical-trials\/map\/\" target=\"_blank\" rel=\"noreferrer noopener\">Duchenne Klinik Ara\u015ft\u0131rma Yerleri Haritas\u0131<\/a><\/p>\n\n\n\n<hr class=\"wp-block-separator has-alpha-channel-opacity\"\/>\n\n\n\n<h2 id=\"science-must-reach-the-patient\" class=\"wp-block-heading\">B\u0130L\u0130M HASTAYA ULA\u015eMALI<\/h2>\n\n\n\n<p class=\"wp-block-paragraph\">Her at\u0131l\u0131m bilimle ba\u015flar.<\/p>\n\n\n\n<p class=\"wp-block-paragraph\">Her klinik \u00e7al\u0131\u015fma, y\u0131llarca s\u00fcren ara\u015ft\u0131rma, yat\u0131r\u0131m ve hastalar\u0131n ve ailelerinin \u00f6zverisinin sonucudur.<\/p>\n\n\n\n<p class=\"wp-block-paragraph\">Ancak bilimsel ilerleme, ger\u00e7ek amac\u0131na ancak ona ihtiya\u00e7 duyan insanlara ula\u015ft\u0131\u011f\u0131nda ula\u015f\u0131r.<\/p>\n\n\n\n<p class=\"wp-block-paragraph\"><strong>Ara\u015ft\u0131rma, tedaviye d\u00f6n\u00fc\u015fmelidir.<br>Tedaviye eri\u015fim kolayla\u015fmal\u0131d\u0131r.<br>Eri\u015fim, ger\u00e7ek bir de\u011fi\u015fim haline gelmelidir.<\/strong><\/p>\n\n\n\n<p class=\"wp-block-paragraph\">Duchenne toplulu\u011fu, bir g\u00fcn m\u00fcmk\u00fcn olabilecek \u015feylere dair vaatlerden daha fazlas\u0131n\u0131 hak ediyor.<\/p>\n\n\n\n<p class=\"wp-block-paragraph\">Bug\u00fcn hastalara anlaml\u0131 ilerleme sa\u011flayabilecek bir sa\u011fl\u0131k sistemini hak ediyor.<\/p>\n\n\n\n<hr class=\"wp-block-separator has-alpha-channel-opacity\"\/>\n\n\n\n<h2 id=\"time-matters-access-cannot-wait\" class=\"wp-block-heading\">ZAMAN \u00d6NEML\u0130. ER\u0130\u015e\u0130M BEKLEYEMEZ.<\/h2>\n\n\n\n<p class=\"wp-block-paragraph\">Duchenne ilerleyici bir hastal\u0131kt\u0131r.<\/p>\n\n\n\n<p class=\"wp-block-paragraph\">Hastalar ve aileleri i\u00e7in bekleme s\u00fcreci tarafs\u0131z de\u011fildir.<\/p>\n\n\n\n<p class=\"wp-block-paragraph\">Eri\u015fim sa\u011flanamayan her y\u0131l, kaybedilmi\u015f f\u0131rsatlar anlam\u0131na gelebilir.<\/p>\n\n\n\n<p class=\"wp-block-paragraph\">Bu nedenle onay, geri \u00f6deme, fiyatland\u0131rma, klinik denemeler ve tedaviye eri\u015filebilirlik hakk\u0131ndaki kararlar \u00e7ok b\u00fcy\u00fck \u00f6nem ta\u015f\u0131yor.<\/p>\n\n\n\n<p class=\"wp-block-paragraph\"><strong>Tedavi denkleminde zaman da \u00f6nemli bir rol oynar.<\/strong><\/p>\n\n\n\n<p class=\"wp-block-paragraph\">Duchenne kas distrofisinin aciliyetini kavrayan ve buna g\u00f6re hareket eden sistemlere ihtiyac\u0131m\u0131z var.<\/p>\n\n\n\n<p class=\"wp-block-paragraph\">Daha h\u0131zl\u0131 kararlar.<\/p>\n\n\n\n<p class=\"wp-block-paragraph\">Daha h\u0131zl\u0131 eri\u015fim.<\/p>\n\n\n\n<p class=\"wp-block-paragraph\">Daha adil eri\u015fim.<\/p>\n\n\n\n<p class=\"wp-block-paragraph\"><strong>\u00c7\u00fcnk\u00fc Duchenne beklemez.<\/strong><\/p>\n\n\n\n<hr class=\"wp-block-separator has-alpha-channel-opacity\"\/>\n\n\n\n<h2 id=\"what-should-change-in-2026\" class=\"wp-block-heading\">2026&#039;DA NELER DE\u011e\u0130\u015eMEL\u0130?<\/h2>\n\n\n\n<h3 id=\"01-faster-access-to-approved-treatments\" class=\"wp-block-heading\">01 \u2014 ONAYLI TEDAV\u0130LERE DAHA HIZLI ER\u0130\u015e\u0130M<\/h3>\n\n\n\n<p class=\"wp-block-paragraph\">Bir tedavi onayland\u0131\u011f\u0131nda, hastalar bu tedavinin kendi \u00fclkelerinde eri\u015filebilir hale gelmesinden \u00f6nce gereksiz ve uzun s\u00fcreli gecikmelerle kar\u015f\u0131la\u015fmamal\u0131d\u0131r.<\/p>\n\n\n\n<p class=\"wp-block-paragraph\"><strong>Onay, eri\u015fim yolunu a\u00e7mal\u0131d\u0131r.<\/strong><\/p>\n\n\n\n<hr class=\"wp-block-separator has-alpha-channel-opacity\"\/>\n\n\n\n<h3 id=\"02-fair-and-affordable-treatment-pricing\" class=\"wp-block-heading\">02 \u2014 AD\u0130L VE UYGUN F\u0130YATLI TEDAV\u0130 F\u0130YATLANDIRMASI<\/h3>\n\n\n\n<p class=\"wp-block-paragraph\">Yenilik\u00e7i tedaviler s\u00fcrd\u00fcr\u00fclebilir bir \u015fekilde geli\u015ftirilmelidir, ancak hastalar\u0131n ve ailelerinin bunlara eri\u015febilmesi i\u00e7in ger\u00e7ek\u00e7i yollara da ihtiya\u00e7lar\u0131 vard\u0131r.<\/p>\n\n\n\n<p class=\"wp-block-paragraph\"><strong>Tedavi, yaln\u0131zca maddi durumu elveri\u015fli olanlar\u0131n ayr\u0131cal\u0131\u011f\u0131 haline gelmemelidir.<\/strong><\/p>\n\n\n\n<hr class=\"wp-block-separator has-alpha-channel-opacity\"\/>\n\n\n\n<h3 id=\"03-equitable-clinical-trial-opportunities\" class=\"wp-block-heading\">03 \u2014 E\u015e\u0130T KL\u0130N\u0130K ARA\u015eTIRMA FIRSATLARI<\/h3>\n\n\n\n<p class=\"wp-block-paragraph\">Klinik ara\u015ft\u0131rmalar, \u00fclkeler ve b\u00f6lgeler genelinde uygun hastalara adil f\u0131rsatlar sa\u011flamal\u0131d\u0131r.<\/p>\n\n\n\n<p class=\"wp-block-paragraph\"><strong>Klinik ara\u015ft\u0131rmalar\u0131n s\u0131n\u0131rlar\u0131 olmamal\u0131d\u0131r.<\/strong><\/p>\n\n\n\n<hr class=\"wp-block-separator has-alpha-channel-opacity\"\/>\n\n\n\n<h3 id=\"04-global-access-without-discrimination\" class=\"wp-block-heading\">04 \u2014 AYRIMCILIK OLMADAN K\u00dcRESEL ER\u0130\u015e\u0130M<\/h3>\n\n\n\n<p class=\"wp-block-paragraph\">T\u0131p alan\u0131ndaki ilerlemeler co\u011frafi s\u0131n\u0131rlarla k\u0131s\u0131tlanmamal\u0131d\u0131r.<\/p>\n\n\n\n<p class=\"wp-block-paragraph\">Her Duchenne hastas\u0131, tan\u0131, bak\u0131m, ara\u015ft\u0131rma ve tedavi alanlar\u0131ndaki geli\u015fmelerden adil bir \u015fekilde yararlanma f\u0131rsat\u0131n\u0131 hak etmektedir.<\/p>\n\n\n\n<p class=\"wp-block-paragraph\"><strong>Nerede ya\u015fad\u0131\u011f\u0131n\u0131z, gelece\u011finizi belirlememeli.<\/strong><\/p>\n\n\n\n<hr class=\"wp-block-separator has-alpha-channel-opacity\"\/>\n\n\n\n<h2 id=\"this-is-not-only-about-duchenne\" class=\"wp-block-heading\">BU SADECE DUCHENNE \u0130LE \u0130LG\u0130L\u0130 DE\u011e\u0130L<\/h2>\n\n\n\n<p class=\"wp-block-paragraph\">Duchenne, t\u0131bbi yenilik ile t\u0131bbi eri\u015fimin ayn\u0131 \u015fey olmad\u0131\u011f\u0131n\u0131 d\u00fcnyaya hat\u0131rlatan hastal\u0131klardan biridir.<\/p>\n\n\n\n<p class=\"wp-block-paragraph\">Tedavi geli\u015ftirmek zorluklardan biridir.<\/p>\n\n\n\n<p class=\"wp-block-paragraph\">Bu tedaviyi fayda g\u00f6rebilecek her hastaya ula\u015ft\u0131rmak ise ayr\u0131 bir konu.<\/p>\n\n\n\n<p class=\"wp-block-paragraph\">K\u00fcresel sa\u011fl\u0131k hizmetleri toplulu\u011fu, yenili\u011fin d\u00fczenleyici onay a\u015famas\u0131nda durmad\u0131\u011f\u0131 bir modele do\u011fru \u00e7al\u0131\u015fmal\u0131d\u0131r.<\/p>\n\n\n\n<p class=\"wp-block-paragraph\"><strong>Tedavi hastaya ula\u015fana kadar yolculuk devam etmelidir.<\/strong><\/p>\n\n\n\n<p class=\"wp-block-paragraph\">Bu nedenle D\u00fcnya Duchenne Fark\u0131ndal\u0131k G\u00fcn\u00fc, Duchenne hakk\u0131nda konu\u015fmak i\u00e7in bir g\u00fcnden daha fazlas\u0131d\u0131r.<\/p>\n\n\n\n<p class=\"wp-block-paragraph\">Bu, bundan sonra ne olaca\u011f\u0131n\u0131 sormak i\u00e7in bir f\u0131rsat.<\/p>\n\n\n\n<hr class=\"wp-block-separator has-alpha-channel-opacity\"\/>\n\n\n\n<h2 id=\"how-you-can-support\" class=\"wp-block-heading\">NASIL DESTEK OLAB\u0130L\u0130RS\u0130N\u0130Z?<\/h2>\n\n\n\n<h3 id=\"01-raise-awareness-online\" class=\"wp-block-heading\">01 \u2014 \u00c7EVR\u0130M\u0130\u00c7\u0130 FARKINDALIK YARATMAK<\/h3>\n\n\n\n<p class=\"wp-block-paragraph\">Duchenne kas distrofisi hakk\u0131nda g\u00fcvenilir bilgileri, hikayeleri ve kaynaklar\u0131 sosyal medyada payla\u015f\u0131n.<\/p>\n\n\n\n<p class=\"wp-block-paragraph\">Her payla\u015f\u0131m, birilerinin Duchenne kas distrofisini ke\u015ffetmesine, ailelerin kar\u015f\u0131la\u015ft\u0131\u011f\u0131 zorluklar\u0131 anlamas\u0131na ve tedaviye eri\u015fimin neden \u00f6nemli oldu\u011funu \u00f6\u011frenmesine yard\u0131mc\u0131 olabilir.<\/p>\n\n\n\n<h4 id=\"use-hashtags\" class=\"wp-block-heading\">ET\u0130KETLER KULLANIN<\/h4>\n\n\n\n<p class=\"wp-block-paragraph\"><strong>#WorldDuchenneAwarenessDay<br>#WDAD2026<br>#DMDWarrior<br>#SupportDuchenne<br>#DMD<br>#WeWantOurCure<\/strong><\/p>\n\n\n\n<h4 id=\"tag-dmdwarrior\" class=\"wp-block-heading\">TAG DMDWARRIOR<\/h4>\n\n\n\n<p class=\"wp-block-paragraph\"><strong><em>Deste\u011finizi payla\u015f\u0131rken @DMDWarrior etiketini kullan\u0131n, b\u00f6ylece sesinizin kanallar\u0131m\u0131zda daha \u00e7ok duyulmas\u0131na yard\u0131mc\u0131 olabiliriz.<\/em><\/strong><\/p>\n\n\n\n<p class=\"wp-block-paragraph\"><strong>Instagram:<\/strong> @DMDWarrior<br><strong>Facebook:<\/strong> @DMDWarrior<br><strong>LinkedIn:<\/strong> @DMDWarrior<\/p>\n\n\n\n<p class=\"wp-block-paragraph\"><strong>\u00d6rnek:<\/strong><\/p>\n\n\n\n<blockquote class=\"wp-block-quote is-layout-flow wp-block-quote-is-layout-flow\">\n<p class=\"wp-block-paragraph\">\u201cBu D\u00fcnya Duchenne Fark\u0131ndal\u0131k G\u00fcn\u00fc&#039;nde, Duchenne toplulu\u011funun yan\u0131nday\u0131z. Tedaviye eri\u015fim, hastan\u0131n nerede ya\u015fad\u0131\u011f\u0131na ba\u011fl\u0131 olmamal\u0131d\u0131r. #WorldDuchenneAwarenessDay #WDAD2026 #DMDWarrior #SupportDuchenne #DMD #WeWantOurCure\u201d<\/p>\n<\/blockquote>\n\n\n\n<hr class=\"wp-block-separator has-alpha-channel-opacity\"\/>\n\n\n\n<h3 id=\"02-share-the-2026-campaign\" class=\"wp-block-heading\">02 \u2014 2026 KAMPANYASINI PAYLA\u015eIN<\/h3>\n\n\n\n<h4 id=\"your-voice-can-travel-further-than-you-think\" class=\"wp-block-heading\">SES\u0130N\u0130Z D\u00dc\u015e\u00dcND\u00dc\u011e\u00dcN\u00dcZDEN DAHA UZAKLARA ULA\u015eAB\u0130L\u0130R.<\/h4>\n\n\n\n<p class=\"wp-block-paragraph\">DMDWarrior D\u00fcnya Duchenne Fark\u0131ndal\u0131k G\u00fcn\u00fc 2026 kampanyas\u0131n\u0131n g\u00f6rsellerini sosyal medya hesaplar\u0131n\u0131zda payla\u015f\u0131n.<\/p>\n\n\n\n<p class=\"wp-block-paragraph\">Mesaj ne kadar \u00e7ok ki\u015fi taraf\u0131ndan g\u00f6r\u00fcl\u00fcrse, Duchenne hastal\u0131\u011f\u0131n\u0131n g\u00f6rmezden gelinmesi o kadar zorla\u015f\u0131r.<\/p>\n\n\n\n<h5 id=\"instagram-story-campaign-images\" class=\"wp-block-heading\"><strong>Instagram Hikaye Kampanyas\u0131 G\u00f6rselleri<\/strong><\/h5>\n\n\n\n<figure class=\"wp-block-gallery has-nested-images columns-3 is-cropped wp-block-gallery-1 is-layout-flex wp-block-gallery-is-layout-flex\">\n<figure class=\"wp-block-image size-full\"><img decoding=\"async\" width=\"941\" height=\"1672\" data-id=\"8665\" src=\"https:\/\/dmdwarrior.com\/wp-content\/uploads\/2025\/08\/clinical-trials-should-not-have-borders-wdad-2026.jpg\" alt=\"D\u00fcnya Duchenne Fark\u0131ndal\u0131k G\u00fcn\u00fc 2026 posteri, k\u00fcresel bir harita ve k\u0131r\u0131k engellerle kar\u015f\u0131la\u015fan bir Duchenne sava\u015f\u00e7\u0131s\u0131n\u0131 g\u00f6steriyor ve &quot;Klinik Denemelerin S\u0131n\u0131rlar\u0131 Olmamal\u0131&quot; mesaj\u0131n\u0131 veriyor.\" class=\"wp-image-8665\" style=\"aspect-ratio:9\/16\" title=\"\" srcset=\"https:\/\/dmdwarrior.com\/wp-content\/uploads\/2025\/08\/clinical-trials-should-not-have-borders-wdad-2026.jpg 941w, https:\/\/dmdwarrior.com\/wp-content\/uploads\/2025\/08\/clinical-trials-should-not-have-borders-wdad-2026-169x300.jpg 169w, https:\/\/dmdwarrior.com\/wp-content\/uploads\/2025\/08\/clinical-trials-should-not-have-borders-wdad-2026-576x1024.jpg 576w, https:\/\/dmdwarrior.com\/wp-content\/uploads\/2025\/08\/clinical-trials-should-not-have-borders-wdad-2026-768x1365.jpg 768w, https:\/\/dmdwarrior.com\/wp-content\/uploads\/2025\/08\/clinical-trials-should-not-have-borders-wdad-2026-864x1536.jpg 864w, https:\/\/dmdwarrior.com\/wp-content\/uploads\/2025\/08\/clinical-trials-should-not-have-borders-wdad-2026-7x12.jpg 7w, https:\/\/dmdwarrior.com\/wp-content\/uploads\/2025\/08\/clinical-trials-should-not-have-borders-wdad-2026-236x420.jpg 236w, https:\/\/dmdwarrior.com\/wp-content\/uploads\/2025\/08\/clinical-trials-should-not-have-borders-wdad-2026-150x267.jpg 150w, https:\/\/dmdwarrior.com\/wp-content\/uploads\/2025\/08\/clinical-trials-should-not-have-borders-wdad-2026-300x533.jpg 300w, https:\/\/dmdwarrior.com\/wp-content\/uploads\/2025\/08\/clinical-trials-should-not-have-borders-wdad-2026-696x1237.jpg 696w\" sizes=\"(max-width: 941px) 100vw, 941px\" \/><\/figure>\n\n\n\n<figure class=\"wp-block-image size-full\"><img decoding=\"async\" width=\"941\" height=\"1672\" data-id=\"8664\" src=\"https:\/\/dmdwarrior.com\/wp-content\/uploads\/2025\/08\/duchenne-awareness-2026-a-brighter-tomorrow.jpg\" alt=\"Tekerlekli sandalyede oturan, g\u00fcl\u00fcmseyen bir \u00e7ocuk, 2026 D\u00fcnya Duchenne Fark\u0131ndal\u0131k G\u00fcn\u00fc i\u00e7in &quot;Eri\u015fim Hayatlar\u0131 De\u011fi\u015ftirir&quot; mesaj\u0131n\u0131n alt\u0131nda yumru\u011funu havaya kald\u0131r\u0131yor.\" class=\"wp-image-8664\" style=\"aspect-ratio:9\/16\" title=\"\" srcset=\"https:\/\/dmdwarrior.com\/wp-content\/uploads\/2025\/08\/duchenne-awareness-2026-a-brighter-tomorrow.jpg 941w, https:\/\/dmdwarrior.com\/wp-content\/uploads\/2025\/08\/duchenne-awareness-2026-a-brighter-tomorrow-169x300.jpg 169w, https:\/\/dmdwarrior.com\/wp-content\/uploads\/2025\/08\/duchenne-awareness-2026-a-brighter-tomorrow-576x1024.jpg 576w, https:\/\/dmdwarrior.com\/wp-content\/uploads\/2025\/08\/duchenne-awareness-2026-a-brighter-tomorrow-768x1365.jpg 768w, https:\/\/dmdwarrior.com\/wp-content\/uploads\/2025\/08\/duchenne-awareness-2026-a-brighter-tomorrow-864x1536.jpg 864w, https:\/\/dmdwarrior.com\/wp-content\/uploads\/2025\/08\/duchenne-awareness-2026-a-brighter-tomorrow-7x12.jpg 7w, https:\/\/dmdwarrior.com\/wp-content\/uploads\/2025\/08\/duchenne-awareness-2026-a-brighter-tomorrow-236x420.jpg 236w, https:\/\/dmdwarrior.com\/wp-content\/uploads\/2025\/08\/duchenne-awareness-2026-a-brighter-tomorrow-150x267.jpg 150w, https:\/\/dmdwarrior.com\/wp-content\/uploads\/2025\/08\/duchenne-awareness-2026-a-brighter-tomorrow-300x533.jpg 300w, https:\/\/dmdwarrior.com\/wp-content\/uploads\/2025\/08\/duchenne-awareness-2026-a-brighter-tomorrow-696x1237.jpg 696w\" sizes=\"(max-width: 941px) 100vw, 941px\" \/><\/figure>\n\n\n\n<figure class=\"wp-block-image size-full\"><img decoding=\"async\" width=\"941\" height=\"1672\" data-id=\"8663\" src=\"https:\/\/dmdwarrior.com\/wp-content\/uploads\/2025\/08\/world-duchenne-awareness-day-2026-access-changes-lives.jpg\" alt=\"2026 D\u00fcnya Duchenne Fark\u0131ndal\u0131k G\u00fcn\u00fc posteri, tekerlekli sandalyede oturan bir \u00e7ocu\u011fu daha ayd\u0131nl\u0131k bir gelece\u011fe do\u011fru g\u00f6sterirken, Duchenne tedavilerine adil eri\u015fim \u00e7a\u011fr\u0131s\u0131nda bulunuyor.\" class=\"wp-image-8663\" style=\"aspect-ratio:9\/16\" title=\"\" srcset=\"https:\/\/dmdwarrior.com\/wp-content\/uploads\/2025\/08\/world-duchenne-awareness-day-2026-access-changes-lives.jpg 941w, https:\/\/dmdwarrior.com\/wp-content\/uploads\/2025\/08\/world-duchenne-awareness-day-2026-access-changes-lives-169x300.jpg 169w, https:\/\/dmdwarrior.com\/wp-content\/uploads\/2025\/08\/world-duchenne-awareness-day-2026-access-changes-lives-576x1024.jpg 576w, https:\/\/dmdwarrior.com\/wp-content\/uploads\/2025\/08\/world-duchenne-awareness-day-2026-access-changes-lives-768x1365.jpg 768w, https:\/\/dmdwarrior.com\/wp-content\/uploads\/2025\/08\/world-duchenne-awareness-day-2026-access-changes-lives-864x1536.jpg 864w, https:\/\/dmdwarrior.com\/wp-content\/uploads\/2025\/08\/world-duchenne-awareness-day-2026-access-changes-lives-7x12.jpg 7w, https:\/\/dmdwarrior.com\/wp-content\/uploads\/2025\/08\/world-duchenne-awareness-day-2026-access-changes-lives-236x420.jpg 236w, https:\/\/dmdwarrior.com\/wp-content\/uploads\/2025\/08\/world-duchenne-awareness-day-2026-access-changes-lives-150x267.jpg 150w, https:\/\/dmdwarrior.com\/wp-content\/uploads\/2025\/08\/world-duchenne-awareness-day-2026-access-changes-lives-300x533.jpg 300w, https:\/\/dmdwarrior.com\/wp-content\/uploads\/2025\/08\/world-duchenne-awareness-day-2026-access-changes-lives-696x1237.jpg 696w\" sizes=\"(max-width: 941px) 100vw, 941px\" \/><\/figure>\n<\/figure>\n\n\n\n<figure class=\"wp-block-gallery has-nested-images columns-default is-cropped wp-block-gallery-2 is-layout-flex wp-block-gallery-is-layout-flex\">\n<figure class=\"wp-block-image size-large\"><img decoding=\"async\" width=\"576\" height=\"1024\" data-id=\"8666\" src=\"https:\/\/dmdwarrior.com\/wp-content\/uploads\/2025\/08\/science-must-reach-the-patient-duchenne-2026-576x1024.jpg\" alt=\"Tekerlekli sandalyede oturan g\u00fcl\u00fcmseyen bir \u00e7ocuk, parlayan bir DNA sembol\u00fcne do\u011fru uzan\u0131rken, ara\u015ft\u0131rmalar tedaviye ve hastalara do\u011fru ilerliyor.\" class=\"wp-image-8666\" title=\"\" srcset=\"https:\/\/dmdwarrior.com\/wp-content\/uploads\/2025\/08\/science-must-reach-the-patient-duchenne-2026-576x1024.jpg 576w, https:\/\/dmdwarrior.com\/wp-content\/uploads\/2025\/08\/science-must-reach-the-patient-duchenne-2026-169x300.jpg 169w, https:\/\/dmdwarrior.com\/wp-content\/uploads\/2025\/08\/science-must-reach-the-patient-duchenne-2026-768x1365.jpg 768w, https:\/\/dmdwarrior.com\/wp-content\/uploads\/2025\/08\/science-must-reach-the-patient-duchenne-2026-864x1536.jpg 864w, https:\/\/dmdwarrior.com\/wp-content\/uploads\/2025\/08\/science-must-reach-the-patient-duchenne-2026-7x12.jpg 7w, https:\/\/dmdwarrior.com\/wp-content\/uploads\/2025\/08\/science-must-reach-the-patient-duchenne-2026-236x420.jpg 236w, https:\/\/dmdwarrior.com\/wp-content\/uploads\/2025\/08\/science-must-reach-the-patient-duchenne-2026-150x267.jpg 150w, https:\/\/dmdwarrior.com\/wp-content\/uploads\/2025\/08\/science-must-reach-the-patient-duchenne-2026-300x533.jpg 300w, https:\/\/dmdwarrior.com\/wp-content\/uploads\/2025\/08\/science-must-reach-the-patient-duchenne-2026-696x1237.jpg 696w, https:\/\/dmdwarrior.com\/wp-content\/uploads\/2025\/08\/science-must-reach-the-patient-duchenne-2026.jpg 941w\" sizes=\"(max-width: 576px) 100vw, 576px\" \/><\/figure>\n\n\n\n<figure class=\"wp-block-image size-large\"><img decoding=\"async\" width=\"576\" height=\"1024\" data-id=\"8667\" src=\"https:\/\/dmdwarrior.com\/wp-content\/uploads\/2025\/08\/time-matters-access-cannot-wait-wdad-2026-576x1024.jpg\" alt=\"Duchenne hastalar\u0131 i\u00e7in daha parlak bir gelece\u011fe giden yolun yan\u0131nda, d\u00fc\u015fen kumlarla DNA sarmal\u0131 olu\u015fturan bir kum saati.\" class=\"wp-image-8667\" title=\"\" srcset=\"https:\/\/dmdwarrior.com\/wp-content\/uploads\/2025\/08\/time-matters-access-cannot-wait-wdad-2026-576x1024.jpg 576w, https:\/\/dmdwarrior.com\/wp-content\/uploads\/2025\/08\/time-matters-access-cannot-wait-wdad-2026-169x300.jpg 169w, https:\/\/dmdwarrior.com\/wp-content\/uploads\/2025\/08\/time-matters-access-cannot-wait-wdad-2026-768x1365.jpg 768w, https:\/\/dmdwarrior.com\/wp-content\/uploads\/2025\/08\/time-matters-access-cannot-wait-wdad-2026-864x1536.jpg 864w, https:\/\/dmdwarrior.com\/wp-content\/uploads\/2025\/08\/time-matters-access-cannot-wait-wdad-2026-7x12.jpg 7w, https:\/\/dmdwarrior.com\/wp-content\/uploads\/2025\/08\/time-matters-access-cannot-wait-wdad-2026-236x420.jpg 236w, https:\/\/dmdwarrior.com\/wp-content\/uploads\/2025\/08\/time-matters-access-cannot-wait-wdad-2026-150x267.jpg 150w, https:\/\/dmdwarrior.com\/wp-content\/uploads\/2025\/08\/time-matters-access-cannot-wait-wdad-2026-300x533.jpg 300w, https:\/\/dmdwarrior.com\/wp-content\/uploads\/2025\/08\/time-matters-access-cannot-wait-wdad-2026-696x1237.jpg 696w, https:\/\/dmdwarrior.com\/wp-content\/uploads\/2025\/08\/time-matters-access-cannot-wait-wdad-2026.jpg 941w\" sizes=\"(max-width: 576px) 100vw, 576px\" \/><\/figure>\n\n\n\n<figure class=\"wp-block-image size-large\"><img decoding=\"async\" width=\"576\" height=\"1024\" data-id=\"8668\" src=\"https:\/\/dmdwarrior.com\/wp-content\/uploads\/2025\/08\/awareness-without-action-wdad-2026-576x1024.jpg\" alt=\"Duchenne Kas Distrofisi Fark\u0131ndal\u0131k G\u00fcn\u00fc 2026 afi\u015fi, fark\u0131ndal\u0131k ve eylem i\u00e7in yol i\u015faretleri g\u00f6steriyor ve tedavilere adil eri\u015fim \u00e7a\u011fr\u0131s\u0131nda bulunuyor.\" class=\"wp-image-8668\" title=\"\" srcset=\"https:\/\/dmdwarrior.com\/wp-content\/uploads\/2025\/08\/awareness-without-action-wdad-2026-576x1024.jpg 576w, https:\/\/dmdwarrior.com\/wp-content\/uploads\/2025\/08\/awareness-without-action-wdad-2026-169x300.jpg 169w, https:\/\/dmdwarrior.com\/wp-content\/uploads\/2025\/08\/awareness-without-action-wdad-2026-768x1365.jpg 768w, https:\/\/dmdwarrior.com\/wp-content\/uploads\/2025\/08\/awareness-without-action-wdad-2026-864x1536.jpg 864w, https:\/\/dmdwarrior.com\/wp-content\/uploads\/2025\/08\/awareness-without-action-wdad-2026-7x12.jpg 7w, https:\/\/dmdwarrior.com\/wp-content\/uploads\/2025\/08\/awareness-without-action-wdad-2026-236x420.jpg 236w, https:\/\/dmdwarrior.com\/wp-content\/uploads\/2025\/08\/awareness-without-action-wdad-2026-150x267.jpg 150w, https:\/\/dmdwarrior.com\/wp-content\/uploads\/2025\/08\/awareness-without-action-wdad-2026-300x533.jpg 300w, https:\/\/dmdwarrior.com\/wp-content\/uploads\/2025\/08\/awareness-without-action-wdad-2026-696x1237.jpg 696w, https:\/\/dmdwarrior.com\/wp-content\/uploads\/2025\/08\/awareness-without-action-wdad-2026.jpg 941w\" sizes=\"(max-width: 576px) 100vw, 576px\" \/><\/figure>\n<\/figure>\n\n\n\n<hr class=\"wp-block-separator has-alpha-channel-opacity\"\/>\n\n\n\n<h3 id=\"03-tag-share-challenge\" class=\"wp-block-heading\">03 \u2014 ET\u0130KETLE. PAYLA\u015e. MEYDAN OKU.<\/h3>\n\n\n\n<h4 id=\"dont-stop-with-one-post\" class=\"wp-block-heading\">TEK B\u0130R PAYLA\u015eIMLA YET\u0130NMEY\u0130N.<\/h4>\n\n\n\n<p class=\"wp-block-paragraph\">\u00dc\u00e7 arkada\u015f\u0131n\u0131z\u0131 etiketleyin.<\/p>\n\n\n\n<p class=\"wp-block-paragraph\">Onlardan 2026 D\u00fcnya Duchenne Fark\u0131ndal\u0131k G\u00fcn\u00fc mesaj\u0131n\u0131 payla\u015fmalar\u0131n\u0131 isteyin.<\/p>\n\n\n\n<p class=\"wp-block-paragraph\">Onlar\u0131 di\u011ferlerini, DMDWarrior ve Duchenne kurulu\u015flar\u0131n\u0131 etiketlemeye te\u015fvik edin.<\/p>\n\n\n\n<p class=\"wp-block-paragraph\">Bir ki\u015fi sohbeti ba\u015flatabilir.<\/p>\n\n\n\n<p class=\"wp-block-paragraph\">Binlerce insan de\u011fi\u015fim i\u00e7in bask\u0131 olu\u015fturabilir.<\/p>\n\n\n\n<p class=\"wp-block-paragraph\"><strong>Sesiniz \u00f6nemli.<\/strong><\/p>\n\n\n\n<h5 id=\"instagram-story-campaign-images\" class=\"wp-block-heading\"><strong>Instagram G\u00f6nderi Kampanyas\u0131 G\u00f6rselleri<\/strong><\/h5>\n\n\n\n<figure class=\"wp-block-gallery has-nested-images columns-default is-cropped wp-block-gallery-3 is-layout-flex wp-block-gallery-is-layout-flex\">\n<figure class=\"wp-block-image size-large\"><img decoding=\"async\" width=\"819\" height=\"1024\" data-id=\"8675\" src=\"https:\/\/dmdwarrior.com\/wp-content\/uploads\/2026\/09\/access-changes-lives-wdad-2026-819x1024.jpg\" alt=\"Duchenne Hastal\u0131klar\u0131 Fark\u0131ndal\u0131k G\u00fcn\u00fc 2026 kampanyas\u0131n\u0131n g\u00f6rseli, Duchenne tedavilerine adil eri\u015fimi ve daha parlak gelecekleri te\u015fvik ediyor.\" class=\"wp-image-8675\" title=\"\" srcset=\"https:\/\/dmdwarrior.com\/wp-content\/uploads\/2026\/09\/access-changes-lives-wdad-2026-819x1024.jpg 819w, https:\/\/dmdwarrior.com\/wp-content\/uploads\/2026\/09\/access-changes-lives-wdad-2026-240x300.jpg 240w, https:\/\/dmdwarrior.com\/wp-content\/uploads\/2026\/09\/access-changes-lives-wdad-2026-768x960.jpg 768w, https:\/\/dmdwarrior.com\/wp-content\/uploads\/2026\/09\/access-changes-lives-wdad-2026-10x12.jpg 10w, https:\/\/dmdwarrior.com\/wp-content\/uploads\/2026\/09\/access-changes-lives-wdad-2026-336x420.jpg 336w, https:\/\/dmdwarrior.com\/wp-content\/uploads\/2026\/09\/access-changes-lives-wdad-2026-150x187.jpg 150w, https:\/\/dmdwarrior.com\/wp-content\/uploads\/2026\/09\/access-changes-lives-wdad-2026-300x375.jpg 300w, https:\/\/dmdwarrior.com\/wp-content\/uploads\/2026\/09\/access-changes-lives-wdad-2026-696x870.jpg 696w, https:\/\/dmdwarrior.com\/wp-content\/uploads\/2026\/09\/access-changes-lives-wdad-2026-1068x1335.jpg 1068w, https:\/\/dmdwarrior.com\/wp-content\/uploads\/2026\/09\/access-changes-lives-wdad-2026.jpg 1122w\" sizes=\"(max-width: 819px) 100vw, 819px\" \/><\/figure>\n\n\n\n<figure class=\"wp-block-image size-large\"><img decoding=\"async\" width=\"819\" height=\"1024\" data-id=\"8676\" src=\"https:\/\/dmdwarrior.com\/wp-content\/uploads\/2026\/09\/duchenne-treatment-should-not-be-a-luxury-2026-819x1024.jpg\" alt=\"Duchenne Kas Distrofisi Fark\u0131ndal\u0131k G\u00fcn\u00fc 2026 i\u00e7in haz\u0131rlanan, Duchenne tedavilerine uygun fiyatl\u0131 ve e\u015fit eri\u015fim \u00e7a\u011fr\u0131s\u0131nda bulunan grafik.\" class=\"wp-image-8676\" title=\"\" srcset=\"https:\/\/dmdwarrior.com\/wp-content\/uploads\/2026\/09\/duchenne-treatment-should-not-be-a-luxury-2026-819x1024.jpg 819w, https:\/\/dmdwarrior.com\/wp-content\/uploads\/2026\/09\/duchenne-treatment-should-not-be-a-luxury-2026-240x300.jpg 240w, https:\/\/dmdwarrior.com\/wp-content\/uploads\/2026\/09\/duchenne-treatment-should-not-be-a-luxury-2026-768x960.jpg 768w, https:\/\/dmdwarrior.com\/wp-content\/uploads\/2026\/09\/duchenne-treatment-should-not-be-a-luxury-2026-10x12.jpg 10w, https:\/\/dmdwarrior.com\/wp-content\/uploads\/2026\/09\/duchenne-treatment-should-not-be-a-luxury-2026-336x420.jpg 336w, https:\/\/dmdwarrior.com\/wp-content\/uploads\/2026\/09\/duchenne-treatment-should-not-be-a-luxury-2026-150x187.jpg 150w, https:\/\/dmdwarrior.com\/wp-content\/uploads\/2026\/09\/duchenne-treatment-should-not-be-a-luxury-2026-300x375.jpg 300w, https:\/\/dmdwarrior.com\/wp-content\/uploads\/2026\/09\/duchenne-treatment-should-not-be-a-luxury-2026-696x870.jpg 696w, https:\/\/dmdwarrior.com\/wp-content\/uploads\/2026\/09\/duchenne-treatment-should-not-be-a-luxury-2026-1068x1335.jpg 1068w, https:\/\/dmdwarrior.com\/wp-content\/uploads\/2026\/09\/duchenne-treatment-should-not-be-a-luxury-2026.jpg 1122w\" sizes=\"(max-width: 819px) 100vw, 819px\" \/><\/figure>\n\n\n\n<figure class=\"wp-block-image size-large\"><img decoding=\"async\" width=\"819\" height=\"1024\" data-id=\"8677\" src=\"https:\/\/dmdwarrior.com\/wp-content\/uploads\/2026\/09\/clinical-trials-should-not-have-borders-2026-819x1024.jpg\" alt=\"2026 D\u00fcnya Duchenne Fark\u0131ndal\u0131k G\u00fcn\u00fc kampanyas\u0131n\u0131n g\u00f6rseli, ba\u011flant\u0131l\u0131 bir d\u00fcnyay\u0131 g\u00f6steriyor ve Duchenne klinik ara\u015ft\u0131rmalar\u0131na e\u015fitlik\u00e7i eri\u015fim \u00e7a\u011fr\u0131s\u0131nda bulunuyor.\" class=\"wp-image-8677\" title=\"\" srcset=\"https:\/\/dmdwarrior.com\/wp-content\/uploads\/2026\/09\/clinical-trials-should-not-have-borders-2026-819x1024.jpg 819w, https:\/\/dmdwarrior.com\/wp-content\/uploads\/2026\/09\/clinical-trials-should-not-have-borders-2026-240x300.jpg 240w, https:\/\/dmdwarrior.com\/wp-content\/uploads\/2026\/09\/clinical-trials-should-not-have-borders-2026-768x960.jpg 768w, https:\/\/dmdwarrior.com\/wp-content\/uploads\/2026\/09\/clinical-trials-should-not-have-borders-2026-10x12.jpg 10w, https:\/\/dmdwarrior.com\/wp-content\/uploads\/2026\/09\/clinical-trials-should-not-have-borders-2026-336x420.jpg 336w, https:\/\/dmdwarrior.com\/wp-content\/uploads\/2026\/09\/clinical-trials-should-not-have-borders-2026-150x187.jpg 150w, https:\/\/dmdwarrior.com\/wp-content\/uploads\/2026\/09\/clinical-trials-should-not-have-borders-2026-300x375.jpg 300w, https:\/\/dmdwarrior.com\/wp-content\/uploads\/2026\/09\/clinical-trials-should-not-have-borders-2026-696x870.jpg 696w, https:\/\/dmdwarrior.com\/wp-content\/uploads\/2026\/09\/clinical-trials-should-not-have-borders-2026-1068x1335.jpg 1068w, https:\/\/dmdwarrior.com\/wp-content\/uploads\/2026\/09\/clinical-trials-should-not-have-borders-2026.jpg 1122w\" sizes=\"(max-width: 819px) 100vw, 819px\" \/><\/figure>\n<\/figure>\n\n\n\n<figure class=\"wp-block-gallery has-nested-images columns-default is-cropped wp-block-gallery-4 is-layout-flex wp-block-gallery-is-layout-flex\">\n<figure class=\"wp-block-image size-large\"><img decoding=\"async\" width=\"819\" height=\"1024\" data-id=\"8678\" src=\"https:\/\/dmdwarrior.com\/wp-content\/uploads\/2026\/09\/science-must-reach-the-patient-duchenne-2026-819x1024.jpg\" alt=\"Duchenne Hastal\u0131\u011f\u0131 Fark\u0131ndal\u0131k G\u00fcn\u00fc 2026 i\u00e7in haz\u0131rlanan grafik, Duchenne ara\u015ft\u0131rmalar\u0131 ve ke\u015fiflerinden tedavilere ve hastalara uzanan yolculu\u011fu temsil etmektedir.\" class=\"wp-image-8678\" title=\"\" srcset=\"https:\/\/dmdwarrior.com\/wp-content\/uploads\/2026\/09\/science-must-reach-the-patient-duchenne-2026-819x1024.jpg 819w, https:\/\/dmdwarrior.com\/wp-content\/uploads\/2026\/09\/science-must-reach-the-patient-duchenne-2026-240x300.jpg 240w, https:\/\/dmdwarrior.com\/wp-content\/uploads\/2026\/09\/science-must-reach-the-patient-duchenne-2026-768x960.jpg 768w, https:\/\/dmdwarrior.com\/wp-content\/uploads\/2026\/09\/science-must-reach-the-patient-duchenne-2026-10x12.jpg 10w, https:\/\/dmdwarrior.com\/wp-content\/uploads\/2026\/09\/science-must-reach-the-patient-duchenne-2026-336x420.jpg 336w, https:\/\/dmdwarrior.com\/wp-content\/uploads\/2026\/09\/science-must-reach-the-patient-duchenne-2026-150x187.jpg 150w, https:\/\/dmdwarrior.com\/wp-content\/uploads\/2026\/09\/science-must-reach-the-patient-duchenne-2026-300x375.jpg 300w, https:\/\/dmdwarrior.com\/wp-content\/uploads\/2026\/09\/science-must-reach-the-patient-duchenne-2026-696x870.jpg 696w, https:\/\/dmdwarrior.com\/wp-content\/uploads\/2026\/09\/science-must-reach-the-patient-duchenne-2026-1068x1335.jpg 1068w, https:\/\/dmdwarrior.com\/wp-content\/uploads\/2026\/09\/science-must-reach-the-patient-duchenne-2026.jpg 1122w\" sizes=\"(max-width: 819px) 100vw, 819px\" \/><\/figure>\n\n\n\n<figure class=\"wp-block-image size-large\"><img decoding=\"async\" width=\"819\" height=\"1024\" data-id=\"8679\" src=\"https:\/\/dmdwarrior.com\/wp-content\/uploads\/2026\/09\/time-matters-access-cannot-wait-2026-819x1024.jpg\" alt=\"Duchenne Kas Distrofisi Fark\u0131ndal\u0131k G\u00fcn\u00fc 2026 kampanyas\u0131 g\u00f6rselinde, Duchenne kas distrofisi tedavisine zaman\u0131nda eri\u015fimin aciliyetini temsil etmek i\u00e7in kum saati kullan\u0131lm\u0131\u015ft\u0131r.\" class=\"wp-image-8679\" title=\"\" srcset=\"https:\/\/dmdwarrior.com\/wp-content\/uploads\/2026\/09\/time-matters-access-cannot-wait-2026-819x1024.jpg 819w, https:\/\/dmdwarrior.com\/wp-content\/uploads\/2026\/09\/time-matters-access-cannot-wait-2026-240x300.jpg 240w, https:\/\/dmdwarrior.com\/wp-content\/uploads\/2026\/09\/time-matters-access-cannot-wait-2026-768x960.jpg 768w, https:\/\/dmdwarrior.com\/wp-content\/uploads\/2026\/09\/time-matters-access-cannot-wait-2026-10x12.jpg 10w, https:\/\/dmdwarrior.com\/wp-content\/uploads\/2026\/09\/time-matters-access-cannot-wait-2026-336x420.jpg 336w, https:\/\/dmdwarrior.com\/wp-content\/uploads\/2026\/09\/time-matters-access-cannot-wait-2026-150x187.jpg 150w, https:\/\/dmdwarrior.com\/wp-content\/uploads\/2026\/09\/time-matters-access-cannot-wait-2026-300x375.jpg 300w, https:\/\/dmdwarrior.com\/wp-content\/uploads\/2026\/09\/time-matters-access-cannot-wait-2026-696x870.jpg 696w, https:\/\/dmdwarrior.com\/wp-content\/uploads\/2026\/09\/time-matters-access-cannot-wait-2026-1068x1335.jpg 1068w, https:\/\/dmdwarrior.com\/wp-content\/uploads\/2026\/09\/time-matters-access-cannot-wait-2026.jpg 1122w\" sizes=\"(max-width: 819px) 100vw, 819px\" \/><\/figure>\n\n\n\n<figure class=\"wp-block-image size-large\"><img decoding=\"async\" width=\"819\" height=\"1024\" data-id=\"8680\" src=\"https:\/\/dmdwarrior.com\/wp-content\/uploads\/2026\/09\/awareness-without-action-wdad-2026-819x1024.jpg\" alt=\"2026 D\u00fcnya Duchenne Fark\u0131ndal\u0131k G\u00fcn\u00fc i\u00e7in Duchenne tedavisine eri\u015fim ve hasta f\u0131rsatlar\u0131 konusunda harekete ge\u00e7ilmesi \u00e7a\u011fr\u0131s\u0131nda bulunan savunuculuk grafi\u011fi.\" class=\"wp-image-8680\" title=\"\" srcset=\"https:\/\/dmdwarrior.com\/wp-content\/uploads\/2026\/09\/awareness-without-action-wdad-2026-819x1024.jpg 819w, https:\/\/dmdwarrior.com\/wp-content\/uploads\/2026\/09\/awareness-without-action-wdad-2026-240x300.jpg 240w, https:\/\/dmdwarrior.com\/wp-content\/uploads\/2026\/09\/awareness-without-action-wdad-2026-768x960.jpg 768w, https:\/\/dmdwarrior.com\/wp-content\/uploads\/2026\/09\/awareness-without-action-wdad-2026-10x12.jpg 10w, https:\/\/dmdwarrior.com\/wp-content\/uploads\/2026\/09\/awareness-without-action-wdad-2026-336x420.jpg 336w, https:\/\/dmdwarrior.com\/wp-content\/uploads\/2026\/09\/awareness-without-action-wdad-2026-150x187.jpg 150w, https:\/\/dmdwarrior.com\/wp-content\/uploads\/2026\/09\/awareness-without-action-wdad-2026-300x375.jpg 300w, https:\/\/dmdwarrior.com\/wp-content\/uploads\/2026\/09\/awareness-without-action-wdad-2026-696x870.jpg 696w, https:\/\/dmdwarrior.com\/wp-content\/uploads\/2026\/09\/awareness-without-action-wdad-2026-1068x1335.jpg 1068w, https:\/\/dmdwarrior.com\/wp-content\/uploads\/2026\/09\/awareness-without-action-wdad-2026.jpg 1122w\" sizes=\"(max-width: 819px) 100vw, 819px\" \/><\/figure>\n<\/figure>\n\n\n\n<hr class=\"wp-block-separator has-alpha-channel-opacity\"\/>\n\n\n\n<h2 id=\"our-message-for-world-duchenne-awareness-day-2026\" class=\"wp-block-heading\">2026 D\u00dcNYA DUCHENNE FARKINDALIK G\u00dcN\u00dc \u0130\u00c7\u0130N MESAJIMIZ<\/h2>\n\n\n\n<h3 id=\"we-do-not-want-awareness-without-action\" class=\"wp-block-heading\">EYLEM OLMADAN FARKINDALIK \u0130STEM\u0130YORUZ.<\/h3>\n\n\n\n<p class=\"wp-block-paragraph\">Onaylanm\u0131\u015f tedavilerin hastalar\u0131n eri\u015femeyece\u011fi \u015fekilde olmas\u0131n\u0131 istemiyoruz.<\/p>\n\n\n\n<p class=\"wp-block-paragraph\">Ailelerin kar\u015f\u0131layamayaca\u011f\u0131 tedaviler istemiyoruz.<\/p>\n\n\n\n<p class=\"wp-block-paragraph\">Klinik ara\u015ft\u0131rmalar\u0131n s\u0131n\u0131rlarla k\u0131s\u0131tlanmas\u0131n\u0131 istemiyoruz.<\/p>\n\n\n\n<p class=\"wp-block-paragraph\">Bir hastan\u0131n \u00fclkesinin, sahip oldu\u011fu f\u0131rsatlar\u0131 belirlemesini istemiyoruz.<\/p>\n\n\n\n<p class=\"wp-block-paragraph\">T\u0131bbi geli\u015fmelerin ihtiya\u00e7 duyan her hastaya ula\u015ft\u0131\u011f\u0131 bir gelecek istiyoruz.<\/p>\n\n\n\n<p class=\"wp-block-paragraph\"><strong>Eri\u015fim istiyoruz.<br>Biz adalet istiyoruz.<br>Biz harekete ge\u00e7ilmesini istiyoruz.<\/strong><\/p>\n\n\n\n<hr class=\"wp-block-separator has-alpha-channel-opacity\"\/>\n\n\n\n<h2 id=\"access-is-not-a-privilege\" class=\"wp-block-heading\">ER\u0130\u015e\u0130M B\u0130R AYRICALIK DE\u011e\u0130LD\u0130R.<\/h2>\n\n\n\n<h3 id=\"it-is-the-bridge-between-medical-progress-and-the-patient\" class=\"wp-block-heading\">Bu, t\u0131bbi ilerleme ile hasta aras\u0131nda bir k\u00f6pr\u00fcd\u00fcr.<\/h3>\n\n\n\n<p class=\"wp-block-paragraph\">Duchenne toplulu\u011fu yeterince uzun s\u00fcre bekledi.<\/p>\n\n\n\n<p class=\"wp-block-paragraph\">Bilim ilerliyor.<\/p>\n\n\n\n<p class=\"wp-block-paragraph\">Tedavi y\u00f6ntemleri geli\u015ftiriliyor.<\/p>\n\n\n\n<p class=\"wp-block-paragraph\">Yeni olanaklar ortaya \u00e7\u0131k\u0131yor.<\/p>\n\n\n\n<p class=\"wp-block-paragraph\">Art\u0131k eri\u015fimin de ilerlemesi gerekiyor.<\/p>\n\n\n\n<p class=\"wp-block-paragraph\"><strong>Onaylanm\u0131\u015f ifadesi, mevcut oldu\u011fu anlam\u0131na gelmelidir.<\/strong><\/p>\n\n\n\n<p class=\"wp-block-paragraph\"><strong>Mevcut olmas\u0131, uygun fiyatl\u0131 olmas\u0131 anlam\u0131na gelmelidir.<\/strong><\/p>\n\n\n\n<p class=\"wp-block-paragraph\"><strong>Klinik ara\u015ft\u0131rmalar adil olmal\u0131d\u0131r.<\/strong><\/p>\n\n\n\n<p class=\"wp-block-paragraph\"><strong>Ve her hastaya bir \u015fans verilmelidir.<\/strong><\/p>\n\n\n\n<hr class=\"wp-block-separator has-alpha-channel-opacity\"\/>\n\n\n\n<h2 id=\"duchenne-does-not-wait\" class=\"wp-block-heading\">DUCHENNE BEKLEMEZ.<\/h2>\n\n\n\n<p class=\"wp-block-paragraph\"><strong>D\u00fcnya DMD Fark\u0131ndal\u0131k G\u00fcn\u00fc 2026<\/strong><\/p>\n\n\n\n<p class=\"wp-block-paragraph\"><strong>7 Eyl\u00fcl 2026<\/strong><\/p>\n\n\n\n<h4 id=\"access-changes-lives-1\" class=\"wp-block-heading\">ER\u0130\u015e\u0130M HAYATLARI DE\u011e\u0130\u015eT\u0130R\u0130R.<\/h4>\n\n\n\n<h4 id=\"lets-make-access-fair\" class=\"wp-block-heading\">ER\u0130\u015e\u0130M\u0130 AD\u0130L HALE GET\u0130REL\u0130M.<\/h4>\n\n\n\n<p class=\"wp-block-paragraph\"><\/p>","protected":false},"excerpt":{"rendered":"<p>Every year, World Duchenne Awareness Day (WDAD) brings the global Duchenne community together to raise awareness about Duchenne Muscular Dystrophy (DMD). But in 2026, we should ask a more difficult question: What does awareness mean if patients still cannot access the treatments, clinical trials and specialist care they need? For years, families have raised their [&hellip;]<\/p>\n","protected":false},"author":10,"featured_media":8672,"comment_status":"open","ping_status":"closed","sticky":false,"template":"","format":"standard","meta":{"footnotes":""},"categories":[282],"tags":[],"class_list":["post-4371","post","type-post","status-publish","format-standard","has-post-thumbnail","category-editorials"],"subtitle":"2026 D\u00fcnya Duchenne Fark\u0131ndal\u0131k G\u00fcn\u00fc, sadece bir fark\u0131ndal\u0131k g\u00fcn\u00fcnden daha fazlas\u0131. Onaylanm\u0131\u015f tedavilere, uygun fiyatl\u0131 ila\u00e7lara ve klinik ara\u015ft\u0131rmalara adil eri\u015fim \u00e7a\u011fr\u0131s\u0131d\u0131r; \u00e7\u00fcnk\u00fc nerede ya\u015fad\u0131\u011f\u0131n\u0131z asla \u015fans\u0131n\u0131z\u0131 belirlememeli.","_links":{"self":[{"href":"https:\/\/dmdwarrior.com\/tr\/wp-json\/wp\/v2\/posts\/4371","targetHints":{"allow":["GET"]}}],"collection":[{"href":"https:\/\/dmdwarrior.com\/tr\/wp-json\/wp\/v2\/posts"}],"about":[{"href":"https:\/\/dmdwarrior.com\/tr\/wp-json\/wp\/v2\/types\/post"}],"author":[{"embeddable":true,"href":"https:\/\/dmdwarrior.com\/tr\/wp-json\/wp\/v2\/users\/10"}],"replies":[{"embeddable":true,"href":"https:\/\/dmdwarrior.com\/tr\/wp-json\/wp\/v2\/comments?post=4371"}],"version-history":[{"count":8,"href":"https:\/\/dmdwarrior.com\/tr\/wp-json\/wp\/v2\/posts\/4371\/revisions"}],"predecessor-version":[{"id":8691,"href":"https:\/\/dmdwarrior.com\/tr\/wp-json\/wp\/v2\/posts\/4371\/revisions\/8691"}],"wp:featuredmedia":[{"embeddable":true,"href":"https:\/\/dmdwarrior.com\/tr\/wp-json\/wp\/v2\/media\/8672"}],"wp:attachment":[{"href":"https:\/\/dmdwarrior.com\/tr\/wp-json\/wp\/v2\/media?parent=4371"}],"wp:term":[{"taxonomy":"category","embeddable":true,"href":"https:\/\/dmdwarrior.com\/tr\/wp-json\/wp\/v2\/categories?post=4371"},{"taxonomy":"post_tag","embeddable":true,"href":"https:\/\/dmdwarrior.com\/tr\/wp-json\/wp\/v2\/tags?post=4371"}],"curies":[{"name":"wp","href":"https:\/\/api.w.org\/{rel}","templated":true}]}}