{"id":4371,"date":"2026-09-05T13:36:50","date_gmt":"2026-09-05T10:36:50","guid":{"rendered":"https:\/\/dmdwarrior.com\/?p=4371"},"modified":"2026-09-05T13:36:53","modified_gmt":"2026-09-05T10:36:53","slug":"world-duchenne-awareness-day","status":"publish","type":"post","link":"https:\/\/dmdwarrior.com\/es\/world-duchenne-awareness-day\/","title":{"rendered":"D\u00eda Mundial de Concienciaci\u00f3n sobre la Distrofia Muscular de Duchenne 2026 (#WDAD2026)"},"content":{"rendered":"<p class=\"wp-block-paragraph\">Cada a\u00f1o, <strong>D\u00eda Mundial de Concienciaci\u00f3n sobre la Distrofia Muscular de Duchenne (DMSD)<\/strong> Re\u00fane a la comunidad mundial de Duchenne para crear conciencia sobre la distrofia muscular de Duchenne (DMD).<\/p>\n\n\n\n<p class=\"wp-block-paragraph\">Pero en 2026, deber\u00edamos plantearnos una pregunta m\u00e1s dif\u00edcil:<\/p>\n\n\n\n<p class=\"wp-block-paragraph\"><strong>\u00bfQu\u00e9 significa la concienciaci\u00f3n si los pacientes siguen sin poder acceder a los tratamientos, los ensayos cl\u00ednicos y la atenci\u00f3n especializada que necesitan?<\/strong><\/p>\n\n\n\n<p class=\"wp-block-paragraph\">Durante a\u00f1os, las familias han alzado la voz. Los investigadores han impulsado el progreso cient\u00edfico. Se han desarrollado nuevos tratamientos y algunos han recibido la aprobaci\u00f3n regulatoria.<\/p>\n\n\n\n<p class=\"wp-block-paragraph\">Sin embargo, la aprobaci\u00f3n no implica autom\u00e1ticamente la disponibilidad.<\/p>\n\n\n\n<p class=\"wp-block-paragraph\">La disponibilidad no siempre significa asequibilidad.<\/p>\n\n\n\n<p class=\"wp-block-paragraph\">Y vivir en el pa\u00eds adecuado nunca deber\u00eda ser un requisito para tener una oportunidad.<\/p>\n\n\n\n<p class=\"wp-block-paragraph\"><strong>El D\u00eda Mundial de Concienciaci\u00f3n sobre la Distrofia Muscular de Duchenne 2026 debe ser algo m\u00e1s que un d\u00eda m\u00e1s de concienciaci\u00f3n.<\/strong><\/p>\n\n\n\n<p class=\"wp-block-paragraph\"><strong><em>Debe ser un llamamiento al acceso, la equidad y la acci\u00f3n.<\/em><\/strong><\/p>\n\n\n\n<p class=\"wp-block-paragraph\">Porque las familias con distrofia muscular de Duchenne no necesitan promesas de que habr\u00e1 progreso.<\/p>\n\n\n\n<p class=\"wp-block-paragraph\"><strong>Necesitan progreso para alcanzarlos.<\/strong><\/p>\n\n\n\n<p class=\"wp-block-paragraph\">Y no pueden permitirse el lujo de esperar eternamente.<\/p>\n\n\n\n<div class=\"wp-block-rank-math-toc-block\" id=\"rank-math-toc\"><h2>Tabla de contenido<\/h2><nav><ul><li><a href=\"#world-duchenne-awareness-day-2026\">D\u00cdA MUNDIAL DE CONCIENCIACI\u00d3N SOBRE LA DISCAPACIDAD DE DUCHENNE 2026<\/a><\/li><li><a href=\"#awareness-is-not-enough\">LA CONCIENCIA NO ES SUFICIENTE<\/a><\/li><li><a href=\"#approved-should-mean-available\">APROBADO DEBER\u00cdA SIGNIFICAR DISPONIBLE<\/a><\/li><li><a href=\"#a-treatment-should-not-be-a-luxury\">UN TRATAMIENTO NO DEBE SER UN LUJO<\/a><\/li><li><a href=\"#your-country-should-not-determine-your-chance\">TU PA\u00cdS NO DEBER\u00cdA DETERMINAR TUS POSIBILIDADES<\/a><\/li><li><a href=\"#clinical-trials-should-not-have-borders\">LOS ENSAYOS CL\u00cdNICOS NO DEBER\u00cdAN TENER FRONTERAS<\/a><\/li><li><a href=\"#science-must-reach-the-patient\">LA CIENCIA DEBE LLEGAR AL PACIENTE<\/a><\/li><li><a href=\"#time-matters-access-cannot-wait\">EL TIEMPO ES IMPORTANTE. EL ACCESO NO PUEDE ESPERAR.<\/a><\/li><li><a href=\"#what-should-change-in-2026\">\u00bfQU\u00c9 DEBER\u00cdA CAMBIAR EN 2026?<\/a><\/li><li><a href=\"#this-is-not-only-about-duchenne\">ESTO NO SE TRATA SOLO DE LA ENFERMEDAD DE DUCHENNE<\/a><\/li><li><a href=\"#how-you-can-support\">C\u00d3MO PUEDES APOYAR<\/a><\/li><li><a href=\"#our-message-for-world-duchenne-awareness-day-2026\">NUESTRO MENSAJE PARA EL D\u00cdA MUNDIAL DE CONCIENCIACI\u00d3N SOBRE LA DISCAPACIDAD DE DUCHENN\u00c9 2026<\/a><\/li><li><a href=\"#access-is-not-a-privilege\">EL ACCESO NO ES UN PRIVILEGIO.<\/a><\/li><li><a href=\"#duchenne-does-not-wait\">La distrofia muscular de Duchenne no espera.<\/a><\/li><\/ul><\/nav><\/div>\n\n\n\n<h2 id=\"world-duchenne-awareness-day-2026\" class=\"wp-block-heading\">D\u00cdA MUNDIAL DE CONCIENCIACI\u00d3N SOBRE LA DISCAPACIDAD DE DUCHENNE 2026<\/h2>\n\n\n\n<h3 id=\"access-changes-lives\" class=\"wp-block-heading\">EL ACCESO CAMBIA VIDAS.<\/h3>\n\n\n\n<p class=\"wp-block-paragraph\">La distrofia muscular de Duchenne cambia vidas todos los d\u00edas.<\/p>\n\n\n\n<p class=\"wp-block-paragraph\">Para las familias que viven con distrofia muscular de Duchenne, el tiempo es crucial. El acceso es crucial. Cada oportunidad para retrasar la progresi\u00f3n de la enfermedad es crucial.<\/p>\n\n\n\n<p class=\"wp-block-paragraph\">Pero la concienciaci\u00f3n por s\u00ed sola no es suficiente.<\/p>\n\n\n\n<p class=\"wp-block-paragraph\">En 2026, debemos ir m\u00e1s all\u00e1 de la mera concienciaci\u00f3n.<\/p>\n\n\n\n<p class=\"wp-block-paragraph\"><strong>Necesitamos acceso.<br>Necesitamos justicia.<br>Necesitamos acci\u00f3n.<\/strong><\/p>\n\n\n\n<figure class=\"wp-block-image size-large\"><img decoding=\"async\" width=\"1024\" height=\"576\" src=\"https:\/\/dmdwarrior.com\/wp-content\/uploads\/2026\/09\/we-do-not-want-awareness-without-action-2026-1024x576.jpg\" alt=\"Un ni\u00f1o decidido, con una capa roja de guerrero DMD, contempla un futuro brillante en una imagen de la campa\u00f1a del D\u00eda Mundial de Concienciaci\u00f3n sobre la Distrofia Muscular de Duchenne 2026.\" class=\"wp-image-8688\" title=\"\" srcset=\"https:\/\/dmdwarrior.com\/wp-content\/uploads\/2026\/09\/we-do-not-want-awareness-without-action-2026-1024x576.jpg 1024w, https:\/\/dmdwarrior.com\/wp-content\/uploads\/2026\/09\/we-do-not-want-awareness-without-action-2026-300x169.jpg 300w, https:\/\/dmdwarrior.com\/wp-content\/uploads\/2026\/09\/we-do-not-want-awareness-without-action-2026-768x432.jpg 768w, https:\/\/dmdwarrior.com\/wp-content\/uploads\/2026\/09\/we-do-not-want-awareness-without-action-2026-1536x864.jpg 1536w, https:\/\/dmdwarrior.com\/wp-content\/uploads\/2026\/09\/we-do-not-want-awareness-without-action-2026-18x10.jpg 18w, https:\/\/dmdwarrior.com\/wp-content\/uploads\/2026\/09\/we-do-not-want-awareness-without-action-2026-746x420.jpg 746w, https:\/\/dmdwarrior.com\/wp-content\/uploads\/2026\/09\/we-do-not-want-awareness-without-action-2026-150x84.jpg 150w, https:\/\/dmdwarrior.com\/wp-content\/uploads\/2026\/09\/we-do-not-want-awareness-without-action-2026-696x392.jpg 696w, https:\/\/dmdwarrior.com\/wp-content\/uploads\/2026\/09\/we-do-not-want-awareness-without-action-2026-1068x601.jpg 1068w, https:\/\/dmdwarrior.com\/wp-content\/uploads\/2026\/09\/we-do-not-want-awareness-without-action-2026.jpg 1672w\" sizes=\"(max-width: 1024px) 100vw, 1024px\" \/><figcaption class=\"wp-element-caption\">La concienciaci\u00f3n es el comienzo. La acci\u00f3n transforma vidas.<\/figcaption><\/figure>\n\n\n\n<hr class=\"wp-block-separator has-alpha-channel-opacity\"\/>\n\n\n\n<h2 id=\"awareness-is-not-enough\" class=\"wp-block-heading\">LA CONCIENCIA NO ES SUFICIENTE<\/h2>\n\n\n\n<p class=\"wp-block-paragraph\">Durante a\u00f1os, la comunidad de personas con distrofia muscular de Duchenne ha trabajado incansablemente para concienciar sobre este tema.<\/p>\n\n\n\n<p class=\"wp-block-paragraph\">Las familias han compartido sus historias. Los investigadores han hecho avanzar la ciencia. Los ensayos cl\u00ednicos han abierto nuevas posibilidades. Nuevos tratamientos han obtenido la aprobaci\u00f3n regulatoria.<\/p>\n\n\n\n<p class=\"wp-block-paragraph\">Estos son logros importantes.<\/p>\n\n\n\n<p class=\"wp-block-paragraph\">Pero un tratamiento no puede cambiar la vida de un paciente si este no puede acceder a \u00e9l.<\/p>\n\n\n\n<p class=\"wp-block-paragraph\"><strong>La concienciaci\u00f3n debe conducir al acceso.<br>El acceso debe conducir a la acci\u00f3n.<\/strong><\/p>\n\n\n\n<p class=\"wp-block-paragraph\">En este D\u00eda Mundial de Concienciaci\u00f3n sobre la Distrofia Muscular de Duchenne, hacemos un llamamiento a un cambio significativo, no solo en lo que sabemos sobre esta enfermedad, sino tambi\u00e9n en lo que los pacientes pueden acceder realmente.<\/p>\n\n\n\n<hr class=\"wp-block-separator has-alpha-channel-opacity\"\/>\n\n\n\n<h2 id=\"approved-should-mean-available\" class=\"wp-block-heading\">APROBADO DEBER\u00cdA SIGNIFICAR DISPONIBLE<\/h2>\n\n\n\n<p class=\"wp-block-paragraph\">Un tratamiento puede recibir la aprobaci\u00f3n regulatoria, pero seguir sin estar disponible para los pacientes en muchas partes del mundo.<\/p>\n\n\n\n<p class=\"wp-block-paragraph\">La aprobaci\u00f3n es un hito importante.<\/p>\n\n\n\n<p class=\"wp-block-paragraph\">No deber\u00eda ser el final del viaje.<\/p>\n\n\n\n<p class=\"wp-block-paragraph\">Las familias no deber\u00edan tener que ver c\u00f3mo los tratamientos est\u00e1n disponibles en un pa\u00eds mientras los pacientes de otro siguen esperando para acceder a ellos.<\/p>\n\n\n\n<p class=\"wp-block-paragraph\"><strong>Un tratamiento aprobado debe tener un mecanismo de acceso para el paciente.<\/strong><\/p>\n\n\n\n<p class=\"wp-block-paragraph\">La aprobaci\u00f3n regulatoria, las decisiones de reembolso, los sistemas de atenci\u00f3n m\u00e9dica y la disponibilidad deben trabajar conjuntamente para que sea posible un acceso significativo.<\/p>\n\n\n\n<hr class=\"wp-block-separator has-alpha-channel-opacity\"\/>\n\n\n\n<h2 id=\"a-treatment-should-not-be-a-luxury\" class=\"wp-block-heading\">UN TRATAMIENTO NO DEBE SER UN LUJO<\/h2>\n\n\n\n<p class=\"wp-block-paragraph\">La innovaci\u00f3n tiene un precio.<\/p>\n\n\n\n<p class=\"wp-block-paragraph\">Pero el acceso a un tratamiento aprobado no deber\u00eda depender \u00fanicamente de si una familia puede costearlo.<\/p>\n\n\n\n<p class=\"wp-block-paragraph\">La carga financiera que supone la distrofia muscular de Duchenne ya afecta a las familias de innumerables maneras. Cuando los tratamientos potencialmente beneficiosos se vuelven econ\u00f3micamente inaccesibles, la mera aprobaci\u00f3n no ofrece mucho consuelo a las familias que los esperan.<\/p>\n\n\n\n<p class=\"wp-block-paragraph\"><strong>Los tratamientos que cambian la vida deben ser accesibles y asequibles.<\/strong><\/p>\n\n\n\n<p class=\"wp-block-paragraph\">Pedimos precios m\u00e1s justos, sistemas de reembolso sostenibles y una mayor cooperaci\u00f3n entre los gobiernos, los sistemas de salud y los desarrolladores de tratamientos.<\/p>\n\n\n\n<p class=\"wp-block-paragraph\">Porque el lugar donde vive un paciente, o lo que su familia pueda permitirse, no deber\u00eda determinar si puede acceder al tratamiento.<\/p>\n\n\n\n<hr class=\"wp-block-separator has-alpha-channel-opacity\"\/>\n\n\n\n<h2 id=\"your-country-should-not-determine-your-chance\" class=\"wp-block-heading\">TU PA\u00cdS NO DEBER\u00cdA DETERMINAR TUS POSIBILIDADES<\/h2>\n\n\n\n<p class=\"wp-block-paragraph\">La distrofia muscular de Duchenne es una enfermedad global.<\/p>\n\n\n\n<p class=\"wp-block-paragraph\">Las oportunidades disponibles para los pacientes tambi\u00e9n deber\u00edan ser globales.<\/p>\n\n\n\n<p class=\"wp-block-paragraph\">En la actualidad, el acceso al diagn\u00f3stico, la atenci\u00f3n especializada, los tratamientos aprobados y la investigaci\u00f3n cl\u00ednica puede variar dr\u00e1sticamente de un pa\u00eds a otro.<\/p>\n\n\n\n<p class=\"wp-block-paragraph\">Un ni\u00f1o no deber\u00eda tener menos oportunidades simplemente por haber nacido al otro lado de una frontera.<\/p>\n\n\n\n<p class=\"wp-block-paragraph\"><strong>Tu c\u00f3digo postal no deber\u00eda determinar tu futuro.<\/strong><\/p>\n\n\n\n<p class=\"wp-block-paragraph\">Necesitamos un mundo donde los pacientes con distrofia muscular de Duchenne tengan una oportunidad justa de beneficiarse de los avances m\u00e9dicos, independientemente de d\u00f3nde vivan. Leer m\u00e1s: <a href=\"https:\/\/dmdwarrior.com\/es\/the-challenge-of-getting-dmd-gene-therapy-is-geography-destiny\/\" target=\"_blank\" rel=\"noreferrer noopener\">\u00bfEs la geograf\u00eda el destino?<\/a><\/p>\n\n\n\n<hr class=\"wp-block-separator has-alpha-channel-opacity\"\/>\n\n\n\n<h2 id=\"clinical-trials-should-not-have-borders\" class=\"wp-block-heading\">LOS ENSAYOS CL\u00cdNICOS NO DEBER\u00cdAN TENER FRONTERAS<\/h2>\n\n\n\n<p class=\"wp-block-paragraph\">Los ensayos cl\u00ednicos son esenciales para el desarrollo de la pr\u00f3xima generaci\u00f3n de tratamientos para la distrofia muscular de Duchenne.<\/p>\n\n\n\n<p class=\"wp-block-paragraph\">Pero el acceso a la investigaci\u00f3n cl\u00ednica debe ser justo e inclusivo.<\/p>\n\n\n\n<p class=\"wp-block-paragraph\">Los pacientes que cumplen los requisitos en todo el mundo merecen tener oportunidades significativas para participar en ensayos cl\u00ednicos cuando sea apropiado.<\/p>\n\n\n\n<p class=\"wp-block-paragraph\">La geograf\u00eda no deber\u00eda convertirse en una barrera innecesaria para el progreso cient\u00edfico.<\/p>\n\n\n\n<p class=\"wp-block-paragraph\"><strong>El pa\u00eds de origen del paciente no deber\u00eda determinar si tiene o no una oportunidad.<\/strong><\/p>\n\n\n\n<p class=\"wp-block-paragraph\">Hacemos un llamamiento a los investigadores, patrocinadores, organismos reguladores y sistemas sanitarios para que ampl\u00eden las oportunidades equitativas para los pacientes con distrofia muscular de Duchenne en todos los pa\u00edses y regiones.<\/p>\n\n\n\n<p class=\"wp-block-paragraph\">La investigaci\u00f3n cl\u00ednica debe unir a la comunidad global de Duchenne, no dividirla. Desc\u00fabrelo ahora: <a href=\"https:\/\/dmdwarrior.com\/clinical-trials\/map\/\" target=\"_blank\" rel=\"noreferrer noopener\">Mapa de ubicaciones de ensayos cl\u00ednicos sobre la distrofia muscular de Duchenne<\/a><\/p>\n\n\n\n<hr class=\"wp-block-separator has-alpha-channel-opacity\"\/>\n\n\n\n<h2 id=\"science-must-reach-the-patient\" class=\"wp-block-heading\">LA CIENCIA DEBE LLEGAR AL PACIENTE<\/h2>\n\n\n\n<p class=\"wp-block-paragraph\">Todo avance comienza con la ciencia.<\/p>\n\n\n\n<p class=\"wp-block-paragraph\">Cada ensayo cl\u00ednico representa a\u00f1os de investigaci\u00f3n, inversi\u00f3n y el compromiso de los pacientes y sus familias.<\/p>\n\n\n\n<p class=\"wp-block-paragraph\">Pero el progreso cient\u00edfico solo alcanza su verdadero prop\u00f3sito cuando llega a las personas que lo necesitan.<\/p>\n\n\n\n<p class=\"wp-block-paragraph\"><strong>La investigaci\u00f3n debe convertirse en tratamiento.<br>El tratamiento debe ser accesible.<br>El acceso debe convertirse en un cambio real.<\/strong><\/p>\n\n\n\n<p class=\"wp-block-paragraph\">La comunidad de personas con distrofia muscular de Duchenne merece algo m\u00e1s que promesas de lo que podr\u00eda ser posible alg\u00fan d\u00eda.<\/p>\n\n\n\n<p class=\"wp-block-paragraph\">Merece un sistema de salud capaz de ofrecer avances significativos a los pacientes hoy en d\u00eda.<\/p>\n\n\n\n<hr class=\"wp-block-separator has-alpha-channel-opacity\"\/>\n\n\n\n<h2 id=\"time-matters-access-cannot-wait\" class=\"wp-block-heading\">EL TIEMPO ES IMPORTANTE. EL ACCESO NO PUEDE ESPERAR.<\/h2>\n\n\n\n<p class=\"wp-block-paragraph\">La distrofia muscular de Duchenne es progresiva.<\/p>\n\n\n\n<p class=\"wp-block-paragraph\">Para los pacientes y sus familias, la espera no es neutral.<\/p>\n\n\n\n<p class=\"wp-block-paragraph\">Cada a\u00f1o sin acceso puede representar oportunidades perdidas.<\/p>\n\n\n\n<p class=\"wp-block-paragraph\">Por eso, las decisiones relativas a la aprobaci\u00f3n, el reembolso, los precios, los ensayos cl\u00ednicos y la disponibilidad de tratamientos son tan importantes.<\/p>\n\n\n\n<p class=\"wp-block-paragraph\"><strong>El tiempo forma parte de la ecuaci\u00f3n del tratamiento.<\/strong><\/p>\n\n\n\n<p class=\"wp-block-paragraph\">Necesitamos sistemas que reconozcan la urgencia de la distrofia muscular de Duchenne y act\u00faen en consecuencia.<\/p>\n\n\n\n<p class=\"wp-block-paragraph\">Decisiones m\u00e1s r\u00e1pidas.<\/p>\n\n\n\n<p class=\"wp-block-paragraph\">Acceso m\u00e1s r\u00e1pido.<\/p>\n\n\n\n<p class=\"wp-block-paragraph\">Acceso m\u00e1s equitativo.<\/p>\n\n\n\n<p class=\"wp-block-paragraph\"><strong>Porque la distrofia muscular de Duchenne no espera.<\/strong><\/p>\n\n\n\n<hr class=\"wp-block-separator has-alpha-channel-opacity\"\/>\n\n\n\n<h2 id=\"what-should-change-in-2026\" class=\"wp-block-heading\">\u00bfQU\u00c9 DEBER\u00cdA CAMBIAR EN 2026?<\/h2>\n\n\n\n<h3 id=\"01-faster-access-to-approved-treatments\" class=\"wp-block-heading\">01 \u2014 ACCESO M\u00c1S R\u00c1PIDO A LOS TRATAMIENTOS APROBADOS<\/h3>\n\n\n\n<p class=\"wp-block-paragraph\">Una vez aprobado un tratamiento, los pacientes no deber\u00edan sufrir retrasos innecesarios y prolongados antes de que este sea accesible en su pa\u00eds.<\/p>\n\n\n\n<p class=\"wp-block-paragraph\"><strong>La aprobaci\u00f3n deber\u00eda abrir la puerta al acceso.<\/strong><\/p>\n\n\n\n<hr class=\"wp-block-separator has-alpha-channel-opacity\"\/>\n\n\n\n<h3 id=\"02-fair-and-affordable-treatment-pricing\" class=\"wp-block-heading\">02 \u2014 PRECIOS DE TRATAMIENTO JUSTOS Y ACCESIBLES<\/h3>\n\n\n\n<p class=\"wp-block-paragraph\">Es fundamental desarrollar tratamientos innovadores de forma sostenible, pero los pacientes y sus familias tambi\u00e9n necesitan v\u00edas realistas para acceder a ellos.<\/p>\n\n\n\n<p class=\"wp-block-paragraph\"><strong>Un tratamiento no deber\u00eda convertirse en un privilegio reservado para quienes pueden pagarlo.<\/strong><\/p>\n\n\n\n<hr class=\"wp-block-separator has-alpha-channel-opacity\"\/>\n\n\n\n<h3 id=\"03-equitable-clinical-trial-opportunities\" class=\"wp-block-heading\">03 \u2014 OPORTUNIDADES EQUITATIVAS PARA ENSAYOS CL\u00cdNICOS<\/h3>\n\n\n\n<p class=\"wp-block-paragraph\">La investigaci\u00f3n cl\u00ednica debe ofrecer oportunidades equitativas a los pacientes que cumplan los requisitos en todos los pa\u00edses y regiones.<\/p>\n\n\n\n<p class=\"wp-block-paragraph\"><strong>Los ensayos cl\u00ednicos no deber\u00edan tener fronteras.<\/strong><\/p>\n\n\n\n<hr class=\"wp-block-separator has-alpha-channel-opacity\"\/>\n\n\n\n<h3 id=\"04-global-access-without-discrimination\" class=\"wp-block-heading\">04 \u2014 ACCESO GLOBAL SIN DISCRIMINACI\u00d3N<\/h3>\n\n\n\n<p class=\"wp-block-paragraph\">El progreso m\u00e9dico no deber\u00eda estar limitado por la geograf\u00eda.<\/p>\n\n\n\n<p class=\"wp-block-paragraph\">Todos los pacientes con distrofia muscular de Duchenne merecen una oportunidad justa de beneficiarse de los avances en diagn\u00f3stico, atenci\u00f3n, investigaci\u00f3n y tratamiento.<\/p>\n\n\n\n<p class=\"wp-block-paragraph\"><strong>El lugar donde vives no deber\u00eda determinar tu futuro.<\/strong><\/p>\n\n\n\n<hr class=\"wp-block-separator has-alpha-channel-opacity\"\/>\n\n\n\n<h2 id=\"this-is-not-only-about-duchenne\" class=\"wp-block-heading\">ESTO NO SE TRATA SOLO DE LA ENFERMEDAD DE DUCHENNE<\/h2>\n\n\n\n<p class=\"wp-block-paragraph\">La distrofia muscular de Duchenne es una de esas enfermedades que recuerdan al mundo que la innovaci\u00f3n m\u00e9dica y el acceso a la atenci\u00f3n m\u00e9dica no son lo mismo.<\/p>\n\n\n\n<p class=\"wp-block-paragraph\">Desarrollar un tratamiento es uno de los retos.<\/p>\n\n\n\n<p class=\"wp-block-paragraph\">Otra cosa es conseguir que ese tratamiento llegue a todos los pacientes que puedan beneficiarse de \u00e9l.<\/p>\n\n\n\n<p class=\"wp-block-paragraph\">La comunidad sanitaria mundial debe trabajar para lograr un modelo en el que la innovaci\u00f3n no se detenga tras la aprobaci\u00f3n regulatoria.<\/p>\n\n\n\n<p class=\"wp-block-paragraph\"><strong>El proceso debe continuar hasta que el tratamiento llegue al paciente.<\/strong><\/p>\n\n\n\n<p class=\"wp-block-paragraph\">Por eso, el D\u00eda Mundial de Concienciaci\u00f3n sobre la Distrofia Muscular de Duchenne es m\u00e1s que un d\u00eda para hablar de la distrofia muscular de Duchenne.<\/p>\n\n\n\n<p class=\"wp-block-paragraph\">Es una oportunidad para preguntarse qu\u00e9 suceder\u00e1 despu\u00e9s.<\/p>\n\n\n\n<hr class=\"wp-block-separator has-alpha-channel-opacity\"\/>\n\n\n\n<h2 id=\"how-you-can-support\" class=\"wp-block-heading\">C\u00d3MO PUEDES APOYAR<\/h2>\n\n\n\n<h3 id=\"01-raise-awareness-online\" class=\"wp-block-heading\">01 \u2014 SENSIBILIZACI\u00d3N EN L\u00cdNEA<\/h3>\n\n\n\n<p class=\"wp-block-paragraph\">Comparte informaci\u00f3n fiable, historias y recursos sobre la distrofia muscular de Duchenne en las redes sociales.<\/p>\n\n\n\n<p class=\"wp-block-paragraph\">Cada publicaci\u00f3n puede ayudar a alguien a descubrir la distrofia muscular de Duchenne, comprender los desaf\u00edos que enfrentan las familias y aprender por qu\u00e9 es importante el acceso al tratamiento.<\/p>\n\n\n\n<h4 id=\"use-hashtags\" class=\"wp-block-heading\">USAR HASHTAGS<\/h4>\n\n\n\n<p class=\"wp-block-paragraph\"><strong>#WorldDuchenneAwarenessDay<br>#WDAD2026<br>#DMDWarrior<br>#SupportDuchenne<br>#DMD<br>#QueremosNuestraCura<\/strong><\/p>\n\n\n\n<h4 id=\"tag-dmdwarrior\" class=\"wp-block-heading\">ETIQUETA DMDWARRIOR<\/h4>\n\n\n\n<p class=\"wp-block-paragraph\"><strong><em>Etiqueta a @DMDWarrior cuando compartas tu apoyo para que podamos ayudarte a difundir tu mensaje a trav\u00e9s de nuestros canales.<\/em><\/strong><\/p>\n\n\n\n<p class=\"wp-block-paragraph\"><strong>Instagram:<\/strong> @DMDWarrior<br><strong>Facebook:<\/strong> @DMDWarrior<br><strong>LinkedIn:<\/strong> @DMDWarrior<\/p>\n\n\n\n<p class=\"wp-block-paragraph\"><strong>Ejemplo:<\/strong><\/p>\n\n\n\n<blockquote class=\"wp-block-quote is-layout-flow wp-block-quote-is-layout-flow\">\n<p class=\"wp-block-paragraph\">\u201cEn este D\u00eda Mundial de Concienciaci\u00f3n sobre la Distrofia Muscular de Duchenne, nos solidarizamos con la comunidad de pacientes con distrofia muscular de Duchenne. El acceso al tratamiento no deber\u00eda depender del lugar de residencia del paciente. #WorldDuchenneAwarenessDay #WDAD2026 #DMDWarrior #SupportDuchenne #DMD #WeWantOurCure\u201d<\/p>\n<\/blockquote>\n\n\n\n<hr class=\"wp-block-separator has-alpha-channel-opacity\"\/>\n\n\n\n<h3 id=\"02-share-the-2026-campaign\" class=\"wp-block-heading\">02 \u2014 COMPARTE LA CAMPA\u00d1A DE 2026<\/h3>\n\n\n\n<h4 id=\"your-voice-can-travel-further-than-you-think\" class=\"wp-block-heading\">TU VOZ PUEDE LLEGAR M\u00c1S LEJOS DE LO QUE CREES.<\/h4>\n\n\n\n<p class=\"wp-block-paragraph\">Comparte las im\u00e1genes de la campa\u00f1a del D\u00eda Mundial de Concienciaci\u00f3n sobre la Distrofia Muscular de Duchenne 2026 de DMDWarrior en tus redes sociales.<\/p>\n\n\n\n<p class=\"wp-block-paragraph\">Cuanta m\u00e1s gente vea el mensaje, m\u00e1s dif\u00edcil ser\u00e1 que se ignore la distrofia muscular de Duchenne.<\/p>\n\n\n\n<h5 id=\"instagram-story-campaign-images\" class=\"wp-block-heading\"><strong>Im\u00e1genes de la campa\u00f1a de historias de Instagram<\/strong><\/h5>\n\n\n\n<figure class=\"wp-block-gallery has-nested-images columns-3 is-cropped wp-block-gallery-1 is-layout-flex wp-block-gallery-is-layout-flex\">\n<figure class=\"wp-block-image size-full\"><img decoding=\"async\" width=\"941\" height=\"1672\" data-id=\"8665\" src=\"https:\/\/dmdwarrior.com\/wp-content\/uploads\/2025\/08\/clinical-trials-should-not-have-borders-wdad-2026.jpg\" alt=\"Cartel del D\u00eda Mundial de Concienciaci\u00f3n sobre la Distrofia Muscular de Duchenne 2026 que muestra un mapa mundial y a una persona que lucha contra la distrofia muscular de Duchenne frente a barreras derribadas, con el mensaje: Los ensayos cl\u00ednicos no deber\u00edan tener fronteras.\" class=\"wp-image-8665\" style=\"aspect-ratio:9\/16\" title=\"\" srcset=\"https:\/\/dmdwarrior.com\/wp-content\/uploads\/2025\/08\/clinical-trials-should-not-have-borders-wdad-2026.jpg 941w, https:\/\/dmdwarrior.com\/wp-content\/uploads\/2025\/08\/clinical-trials-should-not-have-borders-wdad-2026-169x300.jpg 169w, https:\/\/dmdwarrior.com\/wp-content\/uploads\/2025\/08\/clinical-trials-should-not-have-borders-wdad-2026-576x1024.jpg 576w, https:\/\/dmdwarrior.com\/wp-content\/uploads\/2025\/08\/clinical-trials-should-not-have-borders-wdad-2026-768x1365.jpg 768w, https:\/\/dmdwarrior.com\/wp-content\/uploads\/2025\/08\/clinical-trials-should-not-have-borders-wdad-2026-864x1536.jpg 864w, https:\/\/dmdwarrior.com\/wp-content\/uploads\/2025\/08\/clinical-trials-should-not-have-borders-wdad-2026-7x12.jpg 7w, https:\/\/dmdwarrior.com\/wp-content\/uploads\/2025\/08\/clinical-trials-should-not-have-borders-wdad-2026-236x420.jpg 236w, https:\/\/dmdwarrior.com\/wp-content\/uploads\/2025\/08\/clinical-trials-should-not-have-borders-wdad-2026-150x267.jpg 150w, https:\/\/dmdwarrior.com\/wp-content\/uploads\/2025\/08\/clinical-trials-should-not-have-borders-wdad-2026-300x533.jpg 300w, https:\/\/dmdwarrior.com\/wp-content\/uploads\/2025\/08\/clinical-trials-should-not-have-borders-wdad-2026-696x1237.jpg 696w\" sizes=\"(max-width: 941px) 100vw, 941px\" \/><\/figure>\n\n\n\n<figure class=\"wp-block-image size-full\"><img decoding=\"async\" width=\"941\" height=\"1672\" data-id=\"8664\" src=\"https:\/\/dmdwarrior.com\/wp-content\/uploads\/2025\/08\/duchenne-awareness-2026-a-brighter-tomorrow.jpg\" alt=\"Un ni\u00f1o sonriente en silla de ruedas levanta el pu\u00f1o bajo el mensaje &quot;El acceso cambia vidas&quot; para el D\u00eda Mundial de Concienciaci\u00f3n sobre la Distrofia Muscular de Duchenne 2026.\" class=\"wp-image-8664\" style=\"aspect-ratio:9\/16\" title=\"\" srcset=\"https:\/\/dmdwarrior.com\/wp-content\/uploads\/2025\/08\/duchenne-awareness-2026-a-brighter-tomorrow.jpg 941w, https:\/\/dmdwarrior.com\/wp-content\/uploads\/2025\/08\/duchenne-awareness-2026-a-brighter-tomorrow-169x300.jpg 169w, https:\/\/dmdwarrior.com\/wp-content\/uploads\/2025\/08\/duchenne-awareness-2026-a-brighter-tomorrow-576x1024.jpg 576w, https:\/\/dmdwarrior.com\/wp-content\/uploads\/2025\/08\/duchenne-awareness-2026-a-brighter-tomorrow-768x1365.jpg 768w, https:\/\/dmdwarrior.com\/wp-content\/uploads\/2025\/08\/duchenne-awareness-2026-a-brighter-tomorrow-864x1536.jpg 864w, https:\/\/dmdwarrior.com\/wp-content\/uploads\/2025\/08\/duchenne-awareness-2026-a-brighter-tomorrow-7x12.jpg 7w, https:\/\/dmdwarrior.com\/wp-content\/uploads\/2025\/08\/duchenne-awareness-2026-a-brighter-tomorrow-236x420.jpg 236w, https:\/\/dmdwarrior.com\/wp-content\/uploads\/2025\/08\/duchenne-awareness-2026-a-brighter-tomorrow-150x267.jpg 150w, https:\/\/dmdwarrior.com\/wp-content\/uploads\/2025\/08\/duchenne-awareness-2026-a-brighter-tomorrow-300x533.jpg 300w, https:\/\/dmdwarrior.com\/wp-content\/uploads\/2025\/08\/duchenne-awareness-2026-a-brighter-tomorrow-696x1237.jpg 696w\" sizes=\"(max-width: 941px) 100vw, 941px\" \/><\/figure>\n\n\n\n<figure class=\"wp-block-image size-full\"><img decoding=\"async\" width=\"941\" height=\"1672\" data-id=\"8663\" src=\"https:\/\/dmdwarrior.com\/wp-content\/uploads\/2025\/08\/world-duchenne-awareness-day-2026-access-changes-lives.jpg\" alt=\"Cartel del D\u00eda Mundial de Concienciaci\u00f3n sobre la Distrofia Muscular de Duchenne 2026 que muestra a un ni\u00f1o en silla de ruedas mirando hacia un futuro mejor y que exige un acceso equitativo a los tratamientos para la distrofia muscular de Duchenne.\" class=\"wp-image-8663\" style=\"aspect-ratio:9\/16\" title=\"\" srcset=\"https:\/\/dmdwarrior.com\/wp-content\/uploads\/2025\/08\/world-duchenne-awareness-day-2026-access-changes-lives.jpg 941w, https:\/\/dmdwarrior.com\/wp-content\/uploads\/2025\/08\/world-duchenne-awareness-day-2026-access-changes-lives-169x300.jpg 169w, https:\/\/dmdwarrior.com\/wp-content\/uploads\/2025\/08\/world-duchenne-awareness-day-2026-access-changes-lives-576x1024.jpg 576w, https:\/\/dmdwarrior.com\/wp-content\/uploads\/2025\/08\/world-duchenne-awareness-day-2026-access-changes-lives-768x1365.jpg 768w, https:\/\/dmdwarrior.com\/wp-content\/uploads\/2025\/08\/world-duchenne-awareness-day-2026-access-changes-lives-864x1536.jpg 864w, https:\/\/dmdwarrior.com\/wp-content\/uploads\/2025\/08\/world-duchenne-awareness-day-2026-access-changes-lives-7x12.jpg 7w, https:\/\/dmdwarrior.com\/wp-content\/uploads\/2025\/08\/world-duchenne-awareness-day-2026-access-changes-lives-236x420.jpg 236w, https:\/\/dmdwarrior.com\/wp-content\/uploads\/2025\/08\/world-duchenne-awareness-day-2026-access-changes-lives-150x267.jpg 150w, https:\/\/dmdwarrior.com\/wp-content\/uploads\/2025\/08\/world-duchenne-awareness-day-2026-access-changes-lives-300x533.jpg 300w, https:\/\/dmdwarrior.com\/wp-content\/uploads\/2025\/08\/world-duchenne-awareness-day-2026-access-changes-lives-696x1237.jpg 696w\" sizes=\"(max-width: 941px) 100vw, 941px\" \/><\/figure>\n<\/figure>\n\n\n\n<figure class=\"wp-block-gallery has-nested-images columns-default is-cropped wp-block-gallery-2 is-layout-flex wp-block-gallery-is-layout-flex\">\n<figure class=\"wp-block-image size-large\"><img decoding=\"async\" width=\"576\" height=\"1024\" data-id=\"8666\" src=\"https:\/\/dmdwarrior.com\/wp-content\/uploads\/2025\/08\/science-must-reach-the-patient-duchenne-2026-576x1024.jpg\" alt=\"Un ni\u00f1o sonriente en silla de ruedas extiende la mano hacia un s\u00edmbolo de ADN brillante mientras la investigaci\u00f3n conduce a tratamientos y pacientes.\" class=\"wp-image-8666\" title=\"\" srcset=\"https:\/\/dmdwarrior.com\/wp-content\/uploads\/2025\/08\/science-must-reach-the-patient-duchenne-2026-576x1024.jpg 576w, https:\/\/dmdwarrior.com\/wp-content\/uploads\/2025\/08\/science-must-reach-the-patient-duchenne-2026-169x300.jpg 169w, https:\/\/dmdwarrior.com\/wp-content\/uploads\/2025\/08\/science-must-reach-the-patient-duchenne-2026-768x1365.jpg 768w, https:\/\/dmdwarrior.com\/wp-content\/uploads\/2025\/08\/science-must-reach-the-patient-duchenne-2026-864x1536.jpg 864w, https:\/\/dmdwarrior.com\/wp-content\/uploads\/2025\/08\/science-must-reach-the-patient-duchenne-2026-7x12.jpg 7w, https:\/\/dmdwarrior.com\/wp-content\/uploads\/2025\/08\/science-must-reach-the-patient-duchenne-2026-236x420.jpg 236w, https:\/\/dmdwarrior.com\/wp-content\/uploads\/2025\/08\/science-must-reach-the-patient-duchenne-2026-150x267.jpg 150w, https:\/\/dmdwarrior.com\/wp-content\/uploads\/2025\/08\/science-must-reach-the-patient-duchenne-2026-300x533.jpg 300w, https:\/\/dmdwarrior.com\/wp-content\/uploads\/2025\/08\/science-must-reach-the-patient-duchenne-2026-696x1237.jpg 696w, https:\/\/dmdwarrior.com\/wp-content\/uploads\/2025\/08\/science-must-reach-the-patient-duchenne-2026.jpg 941w\" sizes=\"(max-width: 576px) 100vw, 576px\" \/><\/figure>\n\n\n\n<figure class=\"wp-block-image size-large\"><img decoding=\"async\" width=\"576\" height=\"1024\" data-id=\"8667\" src=\"https:\/\/dmdwarrior.com\/wp-content\/uploads\/2025\/08\/time-matters-access-cannot-wait-wdad-2026-576x1024.jpg\" alt=\"Reloj de arena con arena cayendo que forma una h\u00e9lice de ADN junto a un camino hacia un futuro m\u00e1s brillante para los pacientes con distrofia muscular de Duchenne.\" class=\"wp-image-8667\" title=\"\" srcset=\"https:\/\/dmdwarrior.com\/wp-content\/uploads\/2025\/08\/time-matters-access-cannot-wait-wdad-2026-576x1024.jpg 576w, https:\/\/dmdwarrior.com\/wp-content\/uploads\/2025\/08\/time-matters-access-cannot-wait-wdad-2026-169x300.jpg 169w, https:\/\/dmdwarrior.com\/wp-content\/uploads\/2025\/08\/time-matters-access-cannot-wait-wdad-2026-768x1365.jpg 768w, https:\/\/dmdwarrior.com\/wp-content\/uploads\/2025\/08\/time-matters-access-cannot-wait-wdad-2026-864x1536.jpg 864w, https:\/\/dmdwarrior.com\/wp-content\/uploads\/2025\/08\/time-matters-access-cannot-wait-wdad-2026-7x12.jpg 7w, https:\/\/dmdwarrior.com\/wp-content\/uploads\/2025\/08\/time-matters-access-cannot-wait-wdad-2026-236x420.jpg 236w, https:\/\/dmdwarrior.com\/wp-content\/uploads\/2025\/08\/time-matters-access-cannot-wait-wdad-2026-150x267.jpg 150w, https:\/\/dmdwarrior.com\/wp-content\/uploads\/2025\/08\/time-matters-access-cannot-wait-wdad-2026-300x533.jpg 300w, https:\/\/dmdwarrior.com\/wp-content\/uploads\/2025\/08\/time-matters-access-cannot-wait-wdad-2026-696x1237.jpg 696w, https:\/\/dmdwarrior.com\/wp-content\/uploads\/2025\/08\/time-matters-access-cannot-wait-wdad-2026.jpg 941w\" sizes=\"(max-width: 576px) 100vw, 576px\" \/><\/figure>\n\n\n\n<figure class=\"wp-block-image size-large\"><img decoding=\"async\" width=\"576\" height=\"1024\" data-id=\"8668\" src=\"https:\/\/dmdwarrior.com\/wp-content\/uploads\/2025\/08\/awareness-without-action-wdad-2026-576x1024.jpg\" alt=\"Cartel del D\u00eda Mundial de Concienciaci\u00f3n sobre la Distrofia Muscular de Duchenne 2026 que muestra se\u00f1ales de tr\u00e1fico para la concienciaci\u00f3n y la acci\u00f3n, con un llamamiento a un acceso equitativo a los tratamientos.\" class=\"wp-image-8668\" title=\"\" srcset=\"https:\/\/dmdwarrior.com\/wp-content\/uploads\/2025\/08\/awareness-without-action-wdad-2026-576x1024.jpg 576w, https:\/\/dmdwarrior.com\/wp-content\/uploads\/2025\/08\/awareness-without-action-wdad-2026-169x300.jpg 169w, https:\/\/dmdwarrior.com\/wp-content\/uploads\/2025\/08\/awareness-without-action-wdad-2026-768x1365.jpg 768w, https:\/\/dmdwarrior.com\/wp-content\/uploads\/2025\/08\/awareness-without-action-wdad-2026-864x1536.jpg 864w, https:\/\/dmdwarrior.com\/wp-content\/uploads\/2025\/08\/awareness-without-action-wdad-2026-7x12.jpg 7w, https:\/\/dmdwarrior.com\/wp-content\/uploads\/2025\/08\/awareness-without-action-wdad-2026-236x420.jpg 236w, https:\/\/dmdwarrior.com\/wp-content\/uploads\/2025\/08\/awareness-without-action-wdad-2026-150x267.jpg 150w, https:\/\/dmdwarrior.com\/wp-content\/uploads\/2025\/08\/awareness-without-action-wdad-2026-300x533.jpg 300w, https:\/\/dmdwarrior.com\/wp-content\/uploads\/2025\/08\/awareness-without-action-wdad-2026-696x1237.jpg 696w, https:\/\/dmdwarrior.com\/wp-content\/uploads\/2025\/08\/awareness-without-action-wdad-2026.jpg 941w\" sizes=\"(max-width: 576px) 100vw, 576px\" \/><\/figure>\n<\/figure>\n\n\n\n<hr class=\"wp-block-separator has-alpha-channel-opacity\"\/>\n\n\n\n<h3 id=\"03-tag-share-challenge\" class=\"wp-block-heading\">03 \u2014 ETIQUETA. COMPARTE. DESAF\u00cdA.<\/h3>\n\n\n\n<h4 id=\"dont-stop-with-one-post\" class=\"wp-block-heading\">NO TE QUEDES CON UNA SOLA PUBLICACI\u00d3N.<\/h4>\n\n\n\n<p class=\"wp-block-paragraph\">Etiqueta a tres amigos.<\/p>\n\n\n\n<p class=\"wp-block-paragraph\">P\u00eddeles que compartan el mensaje del D\u00eda Mundial de Concienciaci\u00f3n sobre la Distrofia Muscular de Duchenne 2026.<\/p>\n\n\n\n<p class=\"wp-block-paragraph\">An\u00edmalos a etiquetar a otras personas, a organizaciones como DMDWarrior y Duchenne.<\/p>\n\n\n\n<p class=\"wp-block-paragraph\">Una persona puede iniciar una conversaci\u00f3n.<\/p>\n\n\n\n<p class=\"wp-block-paragraph\">Miles de personas pueden ejercer presi\u00f3n para que se produzca un cambio.<\/p>\n\n\n\n<p class=\"wp-block-paragraph\"><strong>Tu voz importa.<\/strong><\/p>\n\n\n\n<h5 id=\"instagram-story-campaign-images\" class=\"wp-block-heading\"><strong>Im\u00e1genes de la campa\u00f1a de publicaciones de Instagram<\/strong><\/h5>\n\n\n\n<figure class=\"wp-block-gallery has-nested-images columns-default is-cropped wp-block-gallery-3 is-layout-flex wp-block-gallery-is-layout-flex\">\n<figure class=\"wp-block-image size-large\"><img decoding=\"async\" width=\"819\" height=\"1024\" data-id=\"8675\" src=\"https:\/\/dmdwarrior.com\/wp-content\/uploads\/2026\/09\/access-changes-lives-wdad-2026-819x1024.jpg\" alt=\"Imagen de la campa\u00f1a del D\u00eda Mundial de Concienciaci\u00f3n sobre la Distrofia Muscular de Duchenne 2026, que promueve un acceso equitativo a los tratamientos para la distrofia muscular de Duchenne y un futuro mejor.\" class=\"wp-image-8675\" title=\"\" srcset=\"https:\/\/dmdwarrior.com\/wp-content\/uploads\/2026\/09\/access-changes-lives-wdad-2026-819x1024.jpg 819w, https:\/\/dmdwarrior.com\/wp-content\/uploads\/2026\/09\/access-changes-lives-wdad-2026-240x300.jpg 240w, https:\/\/dmdwarrior.com\/wp-content\/uploads\/2026\/09\/access-changes-lives-wdad-2026-768x960.jpg 768w, https:\/\/dmdwarrior.com\/wp-content\/uploads\/2026\/09\/access-changes-lives-wdad-2026-10x12.jpg 10w, https:\/\/dmdwarrior.com\/wp-content\/uploads\/2026\/09\/access-changes-lives-wdad-2026-336x420.jpg 336w, https:\/\/dmdwarrior.com\/wp-content\/uploads\/2026\/09\/access-changes-lives-wdad-2026-150x187.jpg 150w, https:\/\/dmdwarrior.com\/wp-content\/uploads\/2026\/09\/access-changes-lives-wdad-2026-300x375.jpg 300w, https:\/\/dmdwarrior.com\/wp-content\/uploads\/2026\/09\/access-changes-lives-wdad-2026-696x870.jpg 696w, https:\/\/dmdwarrior.com\/wp-content\/uploads\/2026\/09\/access-changes-lives-wdad-2026-1068x1335.jpg 1068w, https:\/\/dmdwarrior.com\/wp-content\/uploads\/2026\/09\/access-changes-lives-wdad-2026.jpg 1122w\" sizes=\"(max-width: 819px) 100vw, 819px\" \/><\/figure>\n\n\n\n<figure class=\"wp-block-image size-large\"><img decoding=\"async\" width=\"819\" height=\"1024\" data-id=\"8676\" src=\"https:\/\/dmdwarrior.com\/wp-content\/uploads\/2026\/09\/duchenne-treatment-should-not-be-a-luxury-2026-819x1024.jpg\" alt=\"Gr\u00e1fico del D\u00eda Mundial de Concienciaci\u00f3n sobre la Distrofia Muscular de Duchenne 2026 que aboga por un acceso asequible y equitativo a los tratamientos para la distrofia muscular de Duchenne.\" class=\"wp-image-8676\" title=\"\" srcset=\"https:\/\/dmdwarrior.com\/wp-content\/uploads\/2026\/09\/duchenne-treatment-should-not-be-a-luxury-2026-819x1024.jpg 819w, https:\/\/dmdwarrior.com\/wp-content\/uploads\/2026\/09\/duchenne-treatment-should-not-be-a-luxury-2026-240x300.jpg 240w, https:\/\/dmdwarrior.com\/wp-content\/uploads\/2026\/09\/duchenne-treatment-should-not-be-a-luxury-2026-768x960.jpg 768w, https:\/\/dmdwarrior.com\/wp-content\/uploads\/2026\/09\/duchenne-treatment-should-not-be-a-luxury-2026-10x12.jpg 10w, https:\/\/dmdwarrior.com\/wp-content\/uploads\/2026\/09\/duchenne-treatment-should-not-be-a-luxury-2026-336x420.jpg 336w, https:\/\/dmdwarrior.com\/wp-content\/uploads\/2026\/09\/duchenne-treatment-should-not-be-a-luxury-2026-150x187.jpg 150w, https:\/\/dmdwarrior.com\/wp-content\/uploads\/2026\/09\/duchenne-treatment-should-not-be-a-luxury-2026-300x375.jpg 300w, https:\/\/dmdwarrior.com\/wp-content\/uploads\/2026\/09\/duchenne-treatment-should-not-be-a-luxury-2026-696x870.jpg 696w, https:\/\/dmdwarrior.com\/wp-content\/uploads\/2026\/09\/duchenne-treatment-should-not-be-a-luxury-2026-1068x1335.jpg 1068w, https:\/\/dmdwarrior.com\/wp-content\/uploads\/2026\/09\/duchenne-treatment-should-not-be-a-luxury-2026.jpg 1122w\" sizes=\"(max-width: 819px) 100vw, 819px\" \/><\/figure>\n\n\n\n<figure class=\"wp-block-image size-large\"><img decoding=\"async\" width=\"819\" height=\"1024\" data-id=\"8677\" src=\"https:\/\/dmdwarrior.com\/wp-content\/uploads\/2026\/09\/clinical-trials-should-not-have-borders-2026-819x1024.jpg\" alt=\"Gr\u00e1fico de la campa\u00f1a del D\u00eda Mundial de Concienciaci\u00f3n sobre la Distrofia Muscular de Duchenne 2026 que muestra un mundo conectado y aboga por un acceso equitativo a los ensayos cl\u00ednicos para la distrofia muscular de Duchenne.\" class=\"wp-image-8677\" title=\"\" srcset=\"https:\/\/dmdwarrior.com\/wp-content\/uploads\/2026\/09\/clinical-trials-should-not-have-borders-2026-819x1024.jpg 819w, https:\/\/dmdwarrior.com\/wp-content\/uploads\/2026\/09\/clinical-trials-should-not-have-borders-2026-240x300.jpg 240w, https:\/\/dmdwarrior.com\/wp-content\/uploads\/2026\/09\/clinical-trials-should-not-have-borders-2026-768x960.jpg 768w, https:\/\/dmdwarrior.com\/wp-content\/uploads\/2026\/09\/clinical-trials-should-not-have-borders-2026-10x12.jpg 10w, https:\/\/dmdwarrior.com\/wp-content\/uploads\/2026\/09\/clinical-trials-should-not-have-borders-2026-336x420.jpg 336w, https:\/\/dmdwarrior.com\/wp-content\/uploads\/2026\/09\/clinical-trials-should-not-have-borders-2026-150x187.jpg 150w, https:\/\/dmdwarrior.com\/wp-content\/uploads\/2026\/09\/clinical-trials-should-not-have-borders-2026-300x375.jpg 300w, https:\/\/dmdwarrior.com\/wp-content\/uploads\/2026\/09\/clinical-trials-should-not-have-borders-2026-696x870.jpg 696w, https:\/\/dmdwarrior.com\/wp-content\/uploads\/2026\/09\/clinical-trials-should-not-have-borders-2026-1068x1335.jpg 1068w, https:\/\/dmdwarrior.com\/wp-content\/uploads\/2026\/09\/clinical-trials-should-not-have-borders-2026.jpg 1122w\" sizes=\"(max-width: 819px) 100vw, 819px\" \/><\/figure>\n<\/figure>\n\n\n\n<figure class=\"wp-block-gallery has-nested-images columns-default is-cropped wp-block-gallery-4 is-layout-flex wp-block-gallery-is-layout-flex\">\n<figure class=\"wp-block-image size-large\"><img decoding=\"async\" width=\"819\" height=\"1024\" data-id=\"8678\" src=\"https:\/\/dmdwarrior.com\/wp-content\/uploads\/2026\/09\/science-must-reach-the-patient-duchenne-2026-819x1024.jpg\" alt=\"Gr\u00e1fico del D\u00eda Mundial de Concienciaci\u00f3n sobre la Distrofia Muscular de Duchenne 2026 que representa el recorrido desde la investigaci\u00f3n y el descubrimiento de la distrofia muscular de Duchenne hasta los tratamientos y los pacientes.\" class=\"wp-image-8678\" title=\"\" srcset=\"https:\/\/dmdwarrior.com\/wp-content\/uploads\/2026\/09\/science-must-reach-the-patient-duchenne-2026-819x1024.jpg 819w, https:\/\/dmdwarrior.com\/wp-content\/uploads\/2026\/09\/science-must-reach-the-patient-duchenne-2026-240x300.jpg 240w, https:\/\/dmdwarrior.com\/wp-content\/uploads\/2026\/09\/science-must-reach-the-patient-duchenne-2026-768x960.jpg 768w, https:\/\/dmdwarrior.com\/wp-content\/uploads\/2026\/09\/science-must-reach-the-patient-duchenne-2026-10x12.jpg 10w, https:\/\/dmdwarrior.com\/wp-content\/uploads\/2026\/09\/science-must-reach-the-patient-duchenne-2026-336x420.jpg 336w, https:\/\/dmdwarrior.com\/wp-content\/uploads\/2026\/09\/science-must-reach-the-patient-duchenne-2026-150x187.jpg 150w, https:\/\/dmdwarrior.com\/wp-content\/uploads\/2026\/09\/science-must-reach-the-patient-duchenne-2026-300x375.jpg 300w, https:\/\/dmdwarrior.com\/wp-content\/uploads\/2026\/09\/science-must-reach-the-patient-duchenne-2026-696x870.jpg 696w, https:\/\/dmdwarrior.com\/wp-content\/uploads\/2026\/09\/science-must-reach-the-patient-duchenne-2026-1068x1335.jpg 1068w, https:\/\/dmdwarrior.com\/wp-content\/uploads\/2026\/09\/science-must-reach-the-patient-duchenne-2026.jpg 1122w\" sizes=\"(max-width: 819px) 100vw, 819px\" \/><\/figure>\n\n\n\n<figure class=\"wp-block-image size-large\"><img decoding=\"async\" width=\"819\" height=\"1024\" data-id=\"8679\" src=\"https:\/\/dmdwarrior.com\/wp-content\/uploads\/2026\/09\/time-matters-access-cannot-wait-2026-819x1024.jpg\" alt=\"Imagen de la campa\u00f1a del D\u00eda Mundial de Concienciaci\u00f3n sobre la Distrofia Muscular de Duchenne 2026 que utiliza un reloj de arena para representar la urgencia del acceso oportuno al tratamiento de la distrofia muscular de Duchenne.\" class=\"wp-image-8679\" title=\"\" srcset=\"https:\/\/dmdwarrior.com\/wp-content\/uploads\/2026\/09\/time-matters-access-cannot-wait-2026-819x1024.jpg 819w, https:\/\/dmdwarrior.com\/wp-content\/uploads\/2026\/09\/time-matters-access-cannot-wait-2026-240x300.jpg 240w, https:\/\/dmdwarrior.com\/wp-content\/uploads\/2026\/09\/time-matters-access-cannot-wait-2026-768x960.jpg 768w, https:\/\/dmdwarrior.com\/wp-content\/uploads\/2026\/09\/time-matters-access-cannot-wait-2026-10x12.jpg 10w, https:\/\/dmdwarrior.com\/wp-content\/uploads\/2026\/09\/time-matters-access-cannot-wait-2026-336x420.jpg 336w, https:\/\/dmdwarrior.com\/wp-content\/uploads\/2026\/09\/time-matters-access-cannot-wait-2026-150x187.jpg 150w, https:\/\/dmdwarrior.com\/wp-content\/uploads\/2026\/09\/time-matters-access-cannot-wait-2026-300x375.jpg 300w, https:\/\/dmdwarrior.com\/wp-content\/uploads\/2026\/09\/time-matters-access-cannot-wait-2026-696x870.jpg 696w, https:\/\/dmdwarrior.com\/wp-content\/uploads\/2026\/09\/time-matters-access-cannot-wait-2026-1068x1335.jpg 1068w, https:\/\/dmdwarrior.com\/wp-content\/uploads\/2026\/09\/time-matters-access-cannot-wait-2026.jpg 1122w\" sizes=\"(max-width: 819px) 100vw, 819px\" \/><\/figure>\n\n\n\n<figure class=\"wp-block-image size-large\"><img decoding=\"async\" width=\"819\" height=\"1024\" data-id=\"8680\" src=\"https:\/\/dmdwarrior.com\/wp-content\/uploads\/2026\/09\/awareness-without-action-wdad-2026-819x1024.jpg\" alt=\"Gr\u00e1fico de promoci\u00f3n del D\u00eda Mundial de Concienciaci\u00f3n sobre la Distrofia Muscular de Duchenne 2026 que insta a la acci\u00f3n para mejorar el acceso al tratamiento y las oportunidades para los pacientes con distrofia muscular de Duchenne.\" class=\"wp-image-8680\" title=\"\" srcset=\"https:\/\/dmdwarrior.com\/wp-content\/uploads\/2026\/09\/awareness-without-action-wdad-2026-819x1024.jpg 819w, https:\/\/dmdwarrior.com\/wp-content\/uploads\/2026\/09\/awareness-without-action-wdad-2026-240x300.jpg 240w, https:\/\/dmdwarrior.com\/wp-content\/uploads\/2026\/09\/awareness-without-action-wdad-2026-768x960.jpg 768w, https:\/\/dmdwarrior.com\/wp-content\/uploads\/2026\/09\/awareness-without-action-wdad-2026-10x12.jpg 10w, https:\/\/dmdwarrior.com\/wp-content\/uploads\/2026\/09\/awareness-without-action-wdad-2026-336x420.jpg 336w, https:\/\/dmdwarrior.com\/wp-content\/uploads\/2026\/09\/awareness-without-action-wdad-2026-150x187.jpg 150w, https:\/\/dmdwarrior.com\/wp-content\/uploads\/2026\/09\/awareness-without-action-wdad-2026-300x375.jpg 300w, https:\/\/dmdwarrior.com\/wp-content\/uploads\/2026\/09\/awareness-without-action-wdad-2026-696x870.jpg 696w, https:\/\/dmdwarrior.com\/wp-content\/uploads\/2026\/09\/awareness-without-action-wdad-2026-1068x1335.jpg 1068w, https:\/\/dmdwarrior.com\/wp-content\/uploads\/2026\/09\/awareness-without-action-wdad-2026.jpg 1122w\" sizes=\"(max-width: 819px) 100vw, 819px\" \/><\/figure>\n<\/figure>\n\n\n\n<hr class=\"wp-block-separator has-alpha-channel-opacity\"\/>\n\n\n\n<h2 id=\"our-message-for-world-duchenne-awareness-day-2026\" class=\"wp-block-heading\">NUESTRO MENSAJE PARA EL D\u00cdA MUNDIAL DE CONCIENCIACI\u00d3N SOBRE LA DISCAPACIDAD DE DUCHENN\u00c9 2026<\/h2>\n\n\n\n<h3 id=\"we-do-not-want-awareness-without-action\" class=\"wp-block-heading\">NO QUEREMOS CONCIENCIA SIN ACCI\u00d3N.<\/h3>\n\n\n\n<p class=\"wp-block-paragraph\">No queremos tratamientos aprobados a los que los pacientes no puedan acceder.<\/p>\n\n\n\n<p class=\"wp-block-paragraph\">No queremos tratamientos que las familias no puedan costear.<\/p>\n\n\n\n<p class=\"wp-block-paragraph\">No queremos que los ensayos cl\u00ednicos est\u00e9n limitados por las fronteras.<\/p>\n\n\n\n<p class=\"wp-block-paragraph\">No queremos que el pa\u00eds de origen de un paciente determine sus oportunidades.<\/p>\n\n\n\n<p class=\"wp-block-paragraph\">Queremos un futuro en el que el progreso m\u00e9dico llegue a todos los pacientes que lo necesiten.<\/p>\n\n\n\n<p class=\"wp-block-paragraph\"><strong>Queremos acceso.<br>Queremos justicia.<br>Queremos acci\u00f3n.<\/strong><\/p>\n\n\n\n<hr class=\"wp-block-separator has-alpha-channel-opacity\"\/>\n\n\n\n<h2 id=\"access-is-not-a-privilege\" class=\"wp-block-heading\">EL ACCESO NO ES UN PRIVILEGIO.<\/h2>\n\n\n\n<h3 id=\"it-is-the-bridge-between-medical-progress-and-the-patient\" class=\"wp-block-heading\">ES EL PUENTE ENTRE EL PROGRESO M\u00c9DICO Y EL PACIENTE.<\/h3>\n\n\n\n<p class=\"wp-block-paragraph\">La comunidad de personas con distrofia muscular de Duchenne ha esperado lo suficiente.<\/p>\n\n\n\n<p class=\"wp-block-paragraph\">La ciencia avanza.<\/p>\n\n\n\n<p class=\"wp-block-paragraph\">Se est\u00e1n desarrollando tratamientos.<\/p>\n\n\n\n<p class=\"wp-block-paragraph\">Est\u00e1n surgiendo nuevas posibilidades.<\/p>\n\n\n\n<p class=\"wp-block-paragraph\">Ahora tambi\u00e9n debe avanzar el acceso.<\/p>\n\n\n\n<p class=\"wp-block-paragraph\"><strong>Aprobado deber\u00eda significar disponible.<\/strong><\/p>\n\n\n\n<p class=\"wp-block-paragraph\"><strong>Disponible deber\u00eda significar asequible.<\/strong><\/p>\n\n\n\n<p class=\"wp-block-paragraph\"><strong>Los ensayos cl\u00ednicos deben ser justos.<\/strong><\/p>\n\n\n\n<p class=\"wp-block-paragraph\"><strong>Y todos los pacientes deber\u00edan tener una oportunidad.<\/strong><\/p>\n\n\n\n<hr class=\"wp-block-separator has-alpha-channel-opacity\"\/>\n\n\n\n<h2 id=\"duchenne-does-not-wait\" class=\"wp-block-heading\">La distrofia muscular de Duchenne no espera.<\/h2>\n\n\n\n<p class=\"wp-block-paragraph\"><strong>D\u00eda Mundial de Concienciaci\u00f3n sobre la Distrofia Muscular de Duchenne 2026<\/strong><\/p>\n\n\n\n<p class=\"wp-block-paragraph\"><strong>7 de septiembre de 2026<\/strong><\/p>\n\n\n\n<h4 id=\"access-changes-lives-1\" class=\"wp-block-heading\">EL ACCESO CAMBIA VIDAS.<\/h4>\n\n\n\n<h4 id=\"lets-make-access-fair\" class=\"wp-block-heading\">HAGAMOS QUE EL ACCESO SEA JUSTO.<\/h4>\n\n\n\n<p class=\"wp-block-paragraph\"><\/p>","protected":false},"excerpt":{"rendered":"<p>Every year, World Duchenne Awareness Day (WDAD) brings the global Duchenne community together to raise awareness about Duchenne Muscular Dystrophy (DMD). But in 2026, we should ask a more difficult question: What does awareness mean if patients still cannot access the treatments, clinical trials and specialist care they need? For years, families have raised their [&hellip;]<\/p>\n","protected":false},"author":10,"featured_media":8672,"comment_status":"open","ping_status":"closed","sticky":false,"template":"","format":"standard","meta":{"footnotes":""},"categories":[282],"tags":[],"class_list":["post-4371","post","type-post","status-publish","format-standard","has-post-thumbnail","category-editorials"],"subtitle":"El D\u00eda Mundial de Concienciaci\u00f3n sobre la Distrofia Muscular de Duchenne 2026 es m\u00e1s que un d\u00eda de sensibilizaci\u00f3n. Es un llamamiento a un acceso equitativo a tratamientos aprobados, medicamentos asequibles y ensayos cl\u00ednicos, porque el lugar donde vives nunca deber\u00eda determinar tus posibilidades.","_links":{"self":[{"href":"https:\/\/dmdwarrior.com\/es\/wp-json\/wp\/v2\/posts\/4371","targetHints":{"allow":["GET"]}}],"collection":[{"href":"https:\/\/dmdwarrior.com\/es\/wp-json\/wp\/v2\/posts"}],"about":[{"href":"https:\/\/dmdwarrior.com\/es\/wp-json\/wp\/v2\/types\/post"}],"author":[{"embeddable":true,"href":"https:\/\/dmdwarrior.com\/es\/wp-json\/wp\/v2\/users\/10"}],"replies":[{"embeddable":true,"href":"https:\/\/dmdwarrior.com\/es\/wp-json\/wp\/v2\/comments?post=4371"}],"version-history":[{"count":7,"href":"https:\/\/dmdwarrior.com\/es\/wp-json\/wp\/v2\/posts\/4371\/revisions"}],"predecessor-version":[{"id":8689,"href":"https:\/\/dmdwarrior.com\/es\/wp-json\/wp\/v2\/posts\/4371\/revisions\/8689"}],"wp:featuredmedia":[{"embeddable":true,"href":"https:\/\/dmdwarrior.com\/es\/wp-json\/wp\/v2\/media\/8672"}],"wp:attachment":[{"href":"https:\/\/dmdwarrior.com\/es\/wp-json\/wp\/v2\/media?parent=4371"}],"wp:term":[{"taxonomy":"category","embeddable":true,"href":"https:\/\/dmdwarrior.com\/es\/wp-json\/wp\/v2\/categories?post=4371"},{"taxonomy":"post_tag","embeddable":true,"href":"https:\/\/dmdwarrior.com\/es\/wp-json\/wp\/v2\/tags?post=4371"}],"curies":[{"name":"gracias","href":"https:\/\/api.w.org\/{rel}","templated":true}]}}